{"id":927,"date":"2024-06-23T14:02:00","date_gmt":"2024-06-23T11:02:00","guid":{"rendered":"https:\/\/www.uudistekeskus.ee\/?p=927"},"modified":"2024-06-24T08:00:01","modified_gmt":"2024-06-24T05:00:01","slug":"eestlase-nagijakssaamine","status":"publish","type":"post","link":"https:\/\/www.uudistekeskus.ee\/?p=927","title":{"rendered":"Eestlase n\u00e4gijakssaamine"},"content":{"rendered":"\n<p class=\"has-medium-font-size\">P\u00e4ev \u00e4rkas. \u00c4rkas eestlanegi,<br>ja tundis, kuidas kasvab j\u00f5ud.<br>See tunne talle selgeks tegi,<br>mis saab, kui olla&nbsp; \u00fc h e l&nbsp; n\u00f5ul.<\/p>\n\n\n\n<p class=\"has-medium-font-size\">Ta \u00e4kki v\u00e4ga selgelt n\u00e4gi<br>vaimusilmas, keset pead,<br>et kogu esivanemate v\u00e4gi<br>meil Toonelast vaid saadab head.<\/p>\n\n\n\n<p class=\"has-medium-font-size\">Seal puuduvad k\u00f5ik siset\u00fclid,<br>mis eestlust kurnand p\u00e4eval, \u00f6\u00f6l,<br>sest oleme ju k\u00f5ik vaid l\u00fclid<br>me eesti ketis, kiriv\u00f6\u00f6l.<\/p>\n\n\n\n<p class=\"has-medium-font-size\">Kius, kadedus koos v\u00e4iklusega&nbsp;\u2013&nbsp;<br>k\u00f5ik t\u00fchine see paistab neil:<br>\u201eMis pistmist sel on v\u00f5itlusega,<br>mis ainult&nbsp; k a h j u&nbsp; teeb ju teil?!\u201d<\/p>\n\n\n\n<p class=\"has-medium-font-size\">On Eesti vabaduses\u00f5da<br>ju n\u00e4ide veenev, \u00fclihea,<br>et kehtib igihaljas t\u00f5de:<br>meil edu toovad&nbsp; \u00fc h t s e d&nbsp; read.<\/p>\n\n\n\n<p class=\"has-medium-font-size\">Meist igal hinges oma P\u00e4ike,<br>ta meile annab eluv\u00e4e.<br>Ta m\u00f5ju k\u00f5ike muud kui v\u00e4ike,<br>kui \u00fchendame&nbsp; e e s t i&nbsp; k\u00e4ed.<\/p>\n","protected":false},"excerpt":{"rendered":"<p>P\u00e4ev \u00e4rkas. \u00c4rkas eestlanegi,ja tundis, kuidas kasvab j\u00f5ud.See tunne talle selgeks tegi,mis saab, kui olla&nbsp; \u00fc h e l&nbsp; n\u00f5ul. Ta \u00e4kki v\u00e4ga selgelt n\u00e4givaimusilmas, keset pead,et kogu esivanemate v\u00e4gimeil&hellip;<\/p>\n","protected":false},"author":4,"featured_media":867,"comment_status":"open","ping_status":"open","sticky":false,"template":"","format":"standard","meta":{"_eb_attr":"","footnotes":""},"categories":[7],"tags":[],"class_list":["post-927","post","type-post","status-publish","format-standard","has-post-thumbnail","hentry","category-uudised"],"_links":{"self":[{"href":"https:\/\/www.uudistekeskus.ee\/index.php?rest_route=\/wp\/v2\/posts\/927","targetHints":{"allow":["GET"]}}],"collection":[{"href":"https:\/\/www.uudistekeskus.ee\/index.php?rest_route=\/wp\/v2\/posts"}],"about":[{"href":"https:\/\/www.uudistekeskus.ee\/index.php?rest_route=\/wp\/v2\/types\/post"}],"author":[{"embeddable":true,"href":"https:\/\/www.uudistekeskus.ee\/index.php?rest_route=\/wp\/v2\/users\/4"}],"replies":[{"embeddable":true,"href":"https:\/\/www.uudistekeskus.ee\/index.php?rest_route=%2Fwp%2Fv2%2Fcomments&post=927"}],"version-history":[{"count":1,"href":"https:\/\/www.uudistekeskus.ee\/index.php?rest_route=\/wp\/v2\/posts\/927\/revisions"}],"predecessor-version":[{"id":928,"href":"https:\/\/www.uudistekeskus.ee\/index.php?rest_route=\/wp\/v2\/posts\/927\/revisions\/928"}],"wp:featuredmedia":[{"embeddable":true,"href":"https:\/\/www.uudistekeskus.ee\/index.php?rest_route=\/wp\/v2\/media\/867"}],"wp:attachment":[{"href":"https:\/\/www.uudistekeskus.ee\/index.php?rest_route=%2Fwp%2Fv2%2Fmedia&parent=927"}],"wp:term":[{"taxonomy":"category","embeddable":true,"href":"https:\/\/www.uudistekeskus.ee\/index.php?rest_route=%2Fwp%2Fv2%2Fcategories&post=927"},{"taxonomy":"post_tag","embeddable":true,"href":"https:\/\/www.uudistekeskus.ee\/index.php?rest_route=%2Fwp%2Fv2%2Ftags&post=927"}],"curies":[{"name":"wp","href":"https:\/\/api.w.org\/{rel}","templated":true}]}}