{"id":904,"date":"2024-06-14T20:59:00","date_gmt":"2024-06-14T17:59:00","guid":{"rendered":"https:\/\/www.uudistekeskus.ee\/?p=904"},"modified":"2024-06-16T20:59:45","modified_gmt":"2024-06-16T17:59:45","slug":"orban-saavutas-nato-ga-kokkuleppe-mis-valistab-ungari-osaluse-ukraina-sojategevuses-ja-selle-rahastamises","status":"publish","type":"post","link":"https:\/\/www.uudistekeskus.ee\/?p=904","title":{"rendered":"Orb\u00e1n saavutas NATO-ga kokkuleppe, mis v\u00e4listab Ungari osaluse Ukraina s\u00f5jategevuses ja selle rahastamises"},"content":{"rendered":"\n<figure class=\"wp-block-embed is-type-wp-embed is-provider-vanglaplaneet wp-block-embed-vanglaplaneet\"><div class=\"wp-block-embed__wrapper\">\n<blockquote class=\"wp-embedded-content\" data-secret=\"pRe3Gmj372\"><a href=\"https:\/\/vanglaplaneet.ee\/blog\/2024\/06\/14\/orban-saavutas-nato-ga-kokkuleppe-mis-valistab-ungari-osaluse-ukraina-sojategevuses-ja-selle-rahastamises\/\">Orb\u00e1n saavutas NATO-ga kokkuleppe, mis v\u00e4listab Ungari osaluse Ukraina s\u00f5jategevuses ja selle rahastamises<\/a><\/blockquote><iframe loading=\"lazy\" class=\"wp-embedded-content\" sandbox=\"allow-scripts\" security=\"restricted\" style=\"position: absolute; clip: rect(1px, 1px, 1px, 1px);\" title=\"&#8220;Orb\u00e1n saavutas NATO-ga kokkuleppe, mis v\u00e4listab Ungari osaluse Ukraina s\u00f5jategevuses ja selle rahastamises&#8221; &#8212; Vanglaplaneet\" src=\"https:\/\/vanglaplaneet.ee\/blog\/2024\/06\/14\/orban-saavutas-nato-ga-kokkuleppe-mis-valistab-ungari-osaluse-ukraina-sojategevuses-ja-selle-rahastamises\/embed\/#?secret=Sq5ME2w6NM#?secret=pRe3Gmj372\" data-secret=\"pRe3Gmj372\" width=\"500\" height=\"282\" frameborder=\"0\" marginwidth=\"0\" marginheight=\"0\" scrolling=\"no\"><\/iframe>\n<\/div><\/figure>\n","protected":false},"excerpt":{"rendered":"","protected":false},"author":1,"featured_media":0,"comment_status":"open","ping_status":"open","sticky":false,"template":"","format":"standard","meta":{"_eb_attr":"","footnotes":""},"categories":[7],"tags":[],"class_list":["post-904","post","type-post","status-publish","format-standard","hentry","category-uudised"],"_links":{"self":[{"href":"https:\/\/www.uudistekeskus.ee\/index.php?rest_route=\/wp\/v2\/posts\/904","targetHints":{"allow":["GET"]}}],"collection":[{"href":"https:\/\/www.uudistekeskus.ee\/index.php?rest_route=\/wp\/v2\/posts"}],"about":[{"href":"https:\/\/www.uudistekeskus.ee\/index.php?rest_route=\/wp\/v2\/types\/post"}],"author":[{"embeddable":true,"href":"https:\/\/www.uudistekeskus.ee\/index.php?rest_route=\/wp\/v2\/users\/1"}],"replies":[{"embeddable":true,"href":"https:\/\/www.uudistekeskus.ee\/index.php?rest_route=%2Fwp%2Fv2%2Fcomments&post=904"}],"version-history":[{"count":1,"href":"https:\/\/www.uudistekeskus.ee\/index.php?rest_route=\/wp\/v2\/posts\/904\/revisions"}],"predecessor-version":[{"id":905,"href":"https:\/\/www.uudistekeskus.ee\/index.php?rest_route=\/wp\/v2\/posts\/904\/revisions\/905"}],"wp:attachment":[{"href":"https:\/\/www.uudistekeskus.ee\/index.php?rest_route=%2Fwp%2Fv2%2Fmedia&parent=904"}],"wp:term":[{"taxonomy":"category","embeddable":true,"href":"https:\/\/www.uudistekeskus.ee\/index.php?rest_route=%2Fwp%2Fv2%2Fcategories&post=904"},{"taxonomy":"post_tag","embeddable":true,"href":"https:\/\/www.uudistekeskus.ee\/index.php?rest_route=%2Fwp%2Fv2%2Ftags&post=904"}],"curies":[{"name":"wp","href":"https:\/\/api.w.org\/{rel}","templated":true}]}}