{"id":865,"date":"2024-06-12T23:39:55","date_gmt":"2024-06-12T20:39:55","guid":{"rendered":"https:\/\/www.uudistekeskus.ee\/?p=865"},"modified":"2024-06-12T23:40:26","modified_gmt":"2024-06-12T20:40:26","slug":"harjumatu-ometi-tosi-asjase-sammu-oigsust-naitab-tulevik","status":"publish","type":"post","link":"https:\/\/www.uudistekeskus.ee\/?p=865","title":{"rendered":"Harjumatu, ometi t\u00f5si: \u00e4sjase sammu \u00f5igsust n\u00e4itab&#8230; tulevik!"},"content":{"rendered":"\n<p class=\"has-medium-font-size\">Kas Eesti Konservatiivsest Rahvaerakonnast (l\u00fch. EKRE) \u00e4sja v\u00e4lja astunutel v\u00f5i v\u00e4lja visatutel oli \u00f5igus v\u00f5i mitte, n\u00e4itab tulevik. T\u00e4psemalt: see, kus nad j\u00e4tkavad oma poliitikuteed (kui muidugi \u00fcldse j\u00e4tkavad).<\/p>\n\n\n\n<p class=\"has-medium-font-size\">Kui EKRE-st \u00e4sja lahkunutel oli t\u00f5si taga, siis j\u00e4\u00e4b neil hetkeseisuga vaid kolm valikut:<\/p>\n\n\n\n<p class=\"has-medium-font-size\">1) Isamaa;<\/p>\n\n\n\n<p class=\"has-medium-font-size\">2) Eesti Vabaduspartei\u2013P\u00f5llumeeste Kogu;<\/p>\n\n\n\n<p class=\"has-medium-font-size\">3) P\u00f5liseestlaste Rahvaerakond.<\/p>\n\n\n\n<p class=\"has-medium-font-size\">Kui nad peaks otsustama mingi muu erakonna kasuks, siis on selge, et tegu oli ja on karjeristidega ning et <strong>Martin Helme<\/strong>l (k\u00f5igile ta puudustele vaatamata) oli nende suhtes \u00f5igus.<\/p>\n\n\n\n<p class=\"has-medium-font-size\">Kui nad peaks otsustama luua uue, nii-\u00f6elda oma erakonna, siis kumaks sellest sammust selgelt l\u00e4bi eelistus \u201earmastan mitte poliitikat iseendas, vaid iseennast poliitikas\u201c.&nbsp;<\/p>\n\n\n\n<p class=\"has-medium-font-size\">Iseasi muidugi, et uut erakonda <strong>sisuliselt<\/strong> luua on Eestis paganama raske. P\u00f5hjus: Eestis napib haritud, v\u00f5imekaid, s\u00fcdikaid, isamaalisi inimesi. T\u00e4psemalt: neid ei j\u00e4tku iga viimase kui \u00fche liidriambitsioonidega poliitiku soovunelmate rahuldamiseks. Kaasam\u00e4\u00e4gijatega aga teadup\u00e4rast kaugele ei j\u00f5ua, p\u00f5mmpeadega samuti mitte, olgu siis m\u00f5lemad nii ustavad kui tahes.<\/p>\n\n\n\n<p class=\"has-medium-font-size\">Eesti Vabaduspartei\u2013P\u00f5llumeeste Kogu ja P\u00f5liseestlaste Rahvaerakonna \u00fclesehitamine v\u00f5rdukski sisuliselt uue erakonna rajamisega. Seega saaks EKRE-st \u00e4sja lahkunud end teostada emmas-kummas erakonnas t\u00e4iel m\u00e4\u00e4ral.<\/p>\n\n\n\n<p class=\"has-medium-font-size\">Isamaas l\u00fckkuks nende t\u00e4helend k\u00fcll m\u00f5nev\u00f5rra edasi, see-eest saaks nad end seal rahulikult \u00fcles t\u00f6\u00f6tada, muuta end oma uuele koduerakonnale vajalikuks, soovi korral lausa asendamatuks.<\/p>\n\n\n\n<p class=\"has-medium-font-size\">Seevastu kui keegi lahkunud EKRE-lastest peaks ootamatult \u201eleidma \u00fchisosa\u201c mingi muu erakonnaga (m\u00f5tlen siinkohal ikkagi poliitkartelli-erakondi), siis on nende \u00e4sjase lahkumise <strong>tegelikud<\/strong> ajendid just sellised, nagu need s\u00f5nastas Martin Helme.<\/p>\n\n\n\n<p class=\"has-medium-font-size\">Kummal osapoolel oli\/on \u00f5igus?<\/p>\n\n\n\n<p class=\"has-medium-font-size\">Vastuse annab tulevik.<\/p>\n\n\n\n<p class=\"has-medium-font-size\">J\u00e4lgigem m\u00e4ngu!<\/p>\n","protected":false},"excerpt":{"rendered":"<p>Kas Eesti Konservatiivsest Rahvaerakonnast (l\u00fch. EKRE) \u00e4sja v\u00e4lja astunutel v\u00f5i v\u00e4lja visatutel oli \u00f5igus v\u00f5i mitte, n\u00e4itab tulevik. T\u00e4psemalt: see, kus nad j\u00e4tkavad oma poliitikuteed (kui muidugi \u00fcldse j\u00e4tkavad). Kui&hellip;<\/p>\n","protected":false},"author":4,"featured_media":867,"comment_status":"open","ping_status":"open","sticky":false,"template":"","format":"standard","meta":{"_eb_attr":"","footnotes":""},"categories":[7],"tags":[],"class_list":["post-865","post","type-post","status-publish","format-standard","has-post-thumbnail","hentry","category-uudised"],"_links":{"self":[{"href":"https:\/\/www.uudistekeskus.ee\/index.php?rest_route=\/wp\/v2\/posts\/865","targetHints":{"allow":["GET"]}}],"collection":[{"href":"https:\/\/www.uudistekeskus.ee\/index.php?rest_route=\/wp\/v2\/posts"}],"about":[{"href":"https:\/\/www.uudistekeskus.ee\/index.php?rest_route=\/wp\/v2\/types\/post"}],"author":[{"embeddable":true,"href":"https:\/\/www.uudistekeskus.ee\/index.php?rest_route=\/wp\/v2\/users\/4"}],"replies":[{"embeddable":true,"href":"https:\/\/www.uudistekeskus.ee\/index.php?rest_route=%2Fwp%2Fv2%2Fcomments&post=865"}],"version-history":[{"count":1,"href":"https:\/\/www.uudistekeskus.ee\/index.php?rest_route=\/wp\/v2\/posts\/865\/revisions"}],"predecessor-version":[{"id":866,"href":"https:\/\/www.uudistekeskus.ee\/index.php?rest_route=\/wp\/v2\/posts\/865\/revisions\/866"}],"wp:featuredmedia":[{"embeddable":true,"href":"https:\/\/www.uudistekeskus.ee\/index.php?rest_route=\/wp\/v2\/media\/867"}],"wp:attachment":[{"href":"https:\/\/www.uudistekeskus.ee\/index.php?rest_route=%2Fwp%2Fv2%2Fmedia&parent=865"}],"wp:term":[{"taxonomy":"category","embeddable":true,"href":"https:\/\/www.uudistekeskus.ee\/index.php?rest_route=%2Fwp%2Fv2%2Fcategories&post=865"},{"taxonomy":"post_tag","embeddable":true,"href":"https:\/\/www.uudistekeskus.ee\/index.php?rest_route=%2Fwp%2Fv2%2Ftags&post=865"}],"curies":[{"name":"wp","href":"https:\/\/api.w.org\/{rel}","templated":true}]}}