{"id":804,"date":"2024-06-04T18:34:05","date_gmt":"2024-06-04T15:34:05","guid":{"rendered":"https:\/\/www.uudistekeskus.ee\/?p=804"},"modified":"2024-06-04T18:34:44","modified_gmt":"2024-06-04T15:34:44","slug":"eesti-lipu-saja-neljakumnendaks-sunnipaevaks","status":"publish","type":"post","link":"https:\/\/www.uudistekeskus.ee\/?p=804","title":{"rendered":"Eesti lipu saja neljak\u00fcmnendaks s\u00fcnnip\u00e4evaks"},"content":{"rendered":"\n<p class=\"has-medium-font-size\">Teeb hinge r\u00f5\u00f5msaks h\u00fcmnikaja,<br>kui Eesti lippu t\u00f5usmas n\u00e4ed.<br>Sul seda tunnet&nbsp; v \u00e4 g a&nbsp; vaja:<br>\u201eN\u00e4e, ongi r\u00f5\u00f5msalt aland p\u00e4ev!\u201d<\/p>\n\n\n\n<p class=\"has-medium-font-size\">N\u00e4ed neitsi Maarja kauneid v\u00e4rve<br>sul pakkumas siis silmailu<br>ja rahustamas pingul n\u00e4rve,<br>mis \u00fcles kruvind tilu-lilu.<\/p>\n\n\n\n<p class=\"has-medium-font-size\">Ta k\u00f5rval lehvib aga plagu,<br>v\u00f5\u00f5rkehana mis m\u00f5jub siin.<br>Tol, patrioodid, andkem hagu,<br>et l\u00f5pu saaks me hingepiin!<\/p>\n\n\n\n<p class=\"has-medium-font-size\">V \u00f5 \u00f5 r plagu koht on pr\u00fcgim\u00e4el,<br>ta vaimselt reostab Maarjamaad.<br>Ja Kalevite \u00fcrgsel v\u00e4el<br>me maa kord&nbsp; v \u00f5 \u00f5 r a s t&nbsp; vabaks saab.<\/p>\n","protected":false},"excerpt":{"rendered":"<p>Teeb hinge r\u00f5\u00f5msaks h\u00fcmnikaja,kui Eesti lippu t\u00f5usmas n\u00e4ed.Sul seda tunnet&nbsp; v \u00e4 g a&nbsp; vaja:\u201eN\u00e4e, ongi r\u00f5\u00f5msalt aland p\u00e4ev!\u201d N\u00e4ed neitsi Maarja kauneid v\u00e4rvesul pakkumas siis silmailuja rahustamas pingul n\u00e4rve,mis&hellip;<\/p>\n","protected":false},"author":4,"featured_media":806,"comment_status":"open","ping_status":"open","sticky":false,"template":"","format":"standard","meta":{"_eb_attr":"","footnotes":""},"categories":[7],"tags":[],"class_list":["post-804","post","type-post","status-publish","format-standard","has-post-thumbnail","hentry","category-uudised"],"_links":{"self":[{"href":"https:\/\/www.uudistekeskus.ee\/index.php?rest_route=\/wp\/v2\/posts\/804","targetHints":{"allow":["GET"]}}],"collection":[{"href":"https:\/\/www.uudistekeskus.ee\/index.php?rest_route=\/wp\/v2\/posts"}],"about":[{"href":"https:\/\/www.uudistekeskus.ee\/index.php?rest_route=\/wp\/v2\/types\/post"}],"author":[{"embeddable":true,"href":"https:\/\/www.uudistekeskus.ee\/index.php?rest_route=\/wp\/v2\/users\/4"}],"replies":[{"embeddable":true,"href":"https:\/\/www.uudistekeskus.ee\/index.php?rest_route=%2Fwp%2Fv2%2Fcomments&post=804"}],"version-history":[{"count":1,"href":"https:\/\/www.uudistekeskus.ee\/index.php?rest_route=\/wp\/v2\/posts\/804\/revisions"}],"predecessor-version":[{"id":805,"href":"https:\/\/www.uudistekeskus.ee\/index.php?rest_route=\/wp\/v2\/posts\/804\/revisions\/805"}],"wp:featuredmedia":[{"embeddable":true,"href":"https:\/\/www.uudistekeskus.ee\/index.php?rest_route=\/wp\/v2\/media\/806"}],"wp:attachment":[{"href":"https:\/\/www.uudistekeskus.ee\/index.php?rest_route=%2Fwp%2Fv2%2Fmedia&parent=804"}],"wp:term":[{"taxonomy":"category","embeddable":true,"href":"https:\/\/www.uudistekeskus.ee\/index.php?rest_route=%2Fwp%2Fv2%2Fcategories&post=804"},{"taxonomy":"post_tag","embeddable":true,"href":"https:\/\/www.uudistekeskus.ee\/index.php?rest_route=%2Fwp%2Fv2%2Ftags&post=804"}],"curies":[{"name":"wp","href":"https:\/\/api.w.org\/{rel}","templated":true}]}}