{"id":671,"date":"2024-05-05T09:52:33","date_gmt":"2024-05-05T06:52:33","guid":{"rendered":"https:\/\/www.uudistekeskus.ee\/?p=671"},"modified":"2024-05-18T09:55:17","modified_gmt":"2024-05-18T06:55:17","slug":"slovakkia-esindaja-kavatseb-haaletada-who-pandeemialeppe-vastu","status":"publish","type":"post","link":"https:\/\/www.uudistekeskus.ee\/?p=671","title":{"rendered":"Slovakkia esindaja kavatseb h\u00e4\u00e4letada WHO pandeemialeppe vastu"},"content":{"rendered":"\n<p>Foto: TASR\/Jaroslav Nov\u00e1k<\/p>\n\n\n\n<p><strong>Slovakkia juhtkonna suhtumine Maailma Terviseorganisatsiooni (WHO) kavandatavasse pandeemialeppesse on endiselt t\u00f5rjuv, kuna seda lepet peetakse ohuks riiklikule suver\u00e4\u00e4nsusele. Riigi esindaja WHO juures Peter Kotl\u00e1r on j\u00e4rjepidevalt h\u00e4\u00e4letanud pandeemialeppe vastu.<\/strong><\/p>\n\n\n\n<p>Valitsuse t\u00e4ievoliline eriesindaja Peter Kotl\u00e1r h\u00e4\u00e4letas pandeemialeppe vastu nii t\u00e4navu aprilli l\u00f5pul ja mai algul \u0160veitsis Genfis toimunud WHO koosviibimisel kui kavatseb seda teha ka 27. mail toimuval WHO \u00fcldkogul.<\/p>\n\n\n\n<p>Samuti on Slovakkia vastu WHO kavandatavale rahvusvaheliste tervishoiueeskirjade uuendamisele.<\/p>\n\n\n\n<p>\u201eM\u00f5lema dokumendi eeln\u00f5u, nii eraldi kui ka vastastikuses koosm\u00f5jus, on Slovakkiale vastuv\u00f5tmatu, seda peamiselt oma ebam\u00e4\u00e4rasuse t\u00f5ttu ja lubamatu sekkumise t\u00f5ttu suver\u00e4\u00e4nsete liikmesriikide iseotsustus\u00f5igusse, aga ka ebaproportsionaalse sekkumise t\u00f5ttu inim\u00f5igustesse ja p\u00f5hi\u00f5igustesse, samuti nende ebapiisava kaitstuse t\u00f5ttu,&#8221;&nbsp;<a href=\"https:\/\/www.hlavnydennik.sk\/2024\/05\/09\/kotlar-sns-v-zeneve-zasadne-odmietol-aktualnu-verziu-pandemickej-zmluvy\" target=\"_blank\" rel=\"noreferrer noopener\">vahendas<\/a>&nbsp;kokkuv\u00f5tlikult Kotl\u00e1ri asjaomast seisukohta 9. mail Slovakkia internetiv\u00e4ljaanne \u201eHlavn\u00fd denn\u00edk&#8221;.<\/p>\n\n\n\n<p>L\u00e4hemalt p\u00f5hjendas Kotl\u00e1r sealsamas Slovakkia juhtkonna vastuseisu m\u00f5lemale eeln\u00f5ule j\u00e4rgmiselt:<\/p>\n\n\n\n<p>\u201ePaljud kohustused on oma sisult ebam\u00e4\u00e4rased ja kujutavad endast nii-\u00f6elda blankovolitust, kuna praegu pole veel teada liikmesriikide kohesed ja tulevased kohustused. Paljude m\u00e4\u00e4ruste ebam\u00e4\u00e4rane ja \u00e4hmane s\u00f5nastus j\u00e4tab [WHO] peasekret\u00e4rile v\u00f5imaluse t\u00f5lgendada neid meelevaldselt ja kogu maailma m\u00f5jutaval moel. Paljud kohustused kitsendavad WHO liikmesriikide suver\u00e4\u00e4nsust, mis on lubamatu, kuna rikuvad demokraatia ja \u00f5igusriigi olulisemaid p\u00f5him\u00f5tteid ning kehtestavad WHO-poolse keskse, b\u00fcrokraatliku juhtimise \u00fclimuslikkuse suver\u00e4\u00e4nsete liikmesriikide suhtes. Eriti k\u00e4ib see leppega liitunud riikide kohustuse kohta t\u00f6\u00f6tada v\u00e4lja riiklik pandeemiaennetus ja tervishoiu-j\u00e4relevalve koosk\u00f5las uute rahvusvaheliste tervishoiueeskirjadega, ja loovutada otsustus\u00f5igus p\u00f5hilistes pandeemiameetmete-k\u00fcsimustes (sealhulgas pandeemia v\u00e4ljakuulutamise ja l\u00f5ppenukskuulutamise k\u00fcsimuses) \u00fcheainsa isiku \u2013 peasekret\u00e4ri \u2013 k\u00e4tte. Eeltoodu tekitab v\u00f5imu kuritarvitamisohu, mida ei saa v\u00e4listada isegi suurima usalduse olemasolul.&#8221;<\/p>\n\n\n\n<p>Kotl\u00e1ri s\u00f5nul ei sobivat Slovakkiale seegi, et WHO tahab tervisetoodete levitamiseks luua keskse, \u00fclemaailmse tarnev\u00f5rgustiku, kuna see haaraks maailma tervisetooteturust \u00fclem\u00e4\u00e4ra suure osa.<\/p>\n\n\n\n<p>Samuti peab Slovakkia juhtkond suver\u00e4\u00e4nsusevastaseks kohustust, et pandeemiavaktsiinide tagaj\u00e4rjel tekkinud tervisekahjustuste eest makstaks h\u00fcvitist v\u00f5imalikult v\u00e4hestel juhtudel ning et valuraha saaks taotleda ainult l\u00fchikese aja jooksul.<\/p>\n\n\n\n<p>Kotl\u00e1ri hinnangul teenivad sellised kohustused \u00fchem\u00f5tteliselt ravimitootjate huve ja kahjustavad eraisikute huve, kelle tervis on saanud pandeemiavaktsiinidest kahjustada.<\/p>\n\n\n\n<p>Kotl\u00e1r kohtus Genfis WHO peasekret\u00e4ri&nbsp;<strong>Tedros Adhanom Ghebreyesus<\/strong>iga ja teatas tollele Slovakkia ametliku seisukoha. Peasekret\u00e4r kostis, et austab Slovakkia seisukohta, kuid loodab siiski, et edaspidi suudetakse j\u00f5uda kokkuleppele.<\/p>\n\n\n\n<p>Slovakkia praeguse valitsuse vastased on Kotl\u00e1ri karmilt arvustanud juba mitu aastat, eriti \u00e4gedalt aga alates koroonaviiruse-h\u00fcsteeria ajast. Teda on nimetatud vaktsiinivastaseks, vanden\u00f5uotsijaks ja lamemaalaseks.<\/p>\n\n\n\n<p>Kui&nbsp;<strong>Robert Fico<\/strong>&nbsp;juhitav valitsus nimetas ta t\u00e4navu 18. jaanuaril valitsuse t\u00e4ievoliliseks esindajaks koroonaviiruse-ajaj\u00e4rgul sooritatud ametialaste kuritarvituste ja muude \u00f5igusrikkumiste tuvastamiseks, siis sai valitsus selle sammu eest k\u00f5vasti kriitikat.<\/p>\n\n\n\n<p>T\u00e4navu 15. veebruaril p\u00e4lvis Kotl\u00e1r t\u00e4helepanu oma ettepanekuga valitsusele, et k\u00f5ik koroonapiirangute rikkumise eest karistatud saaks amnestia. Internetiv\u00e4ljaande \u201ePostoj&#8221;&nbsp;<a href=\"https:\/\/www.postoj.sk\/147256\/dnes-treba-vediet\" target=\"_blank\" rel=\"noreferrer noopener\">teatel&nbsp;<\/a>nimetas Kotl\u00e1r seda amnestiat esimeseks sammuks teel koroonaviiruse-ajaj\u00e4rgul r\u00e4ngalt l\u00f5hestunud \u00fchiskonna taas\u00fchendamisele.<\/p>\n\n\n\n<p>Koroonakriisi-aegne tervishoiuminister, praegune parlamendisaadik&nbsp;<strong>Marek Kraj\u010d\u00ed<\/strong>&nbsp;<a href=\"https:\/\/www.postoj.sk\/145472\/dnes-treba-vediet\" target=\"_blank\" rel=\"noreferrer noopener\">nimetas<\/a>&nbsp;veel samal p\u00e4eval seda ettepanekut vastutustundetuks, kuna amnestia oleks halvaks s\u00f5numiks k\u00f5igile neile, kes j\u00e4rgisid koroonaviiruse-piiranguid kuulekalt.<\/p>\n\n\n\n<p>Pahameeletormi tekitas see teisteski koroonaviiruse-piiranguid pooldanud poliitikutes.<\/p>\n\n\n\n<p>Peter Kotl\u00e1r on erialalt arst, praegu Slovakkia parlamendi liige; valiti sinna Slovakkia Rahvuspartei (slovaki k. l\u00fch. SNS) nimekirjas. SNS kuulub Slovakkia praegusse valitsusliitu.<\/p>\n","protected":false},"excerpt":{"rendered":"<p>Foto: TASR\/Jaroslav Nov\u00e1k Slovakkia juhtkonna suhtumine Maailma Terviseorganisatsiooni (WHO) kavandatavasse pandeemialeppesse on endiselt t\u00f5rjuv, kuna seda lepet peetakse ohuks riiklikule suver\u00e4\u00e4nsusele. Riigi esindaja WHO juures Peter Kotl\u00e1r on j\u00e4rjepidevalt h\u00e4\u00e4letanud&hellip;<\/p>\n","protected":false},"author":4,"featured_media":673,"comment_status":"open","ping_status":"open","sticky":false,"template":"","format":"standard","meta":{"_eb_attr":"","footnotes":""},"categories":[7],"tags":[],"class_list":["post-671","post","type-post","status-publish","format-standard","has-post-thumbnail","hentry","category-uudised"],"_links":{"self":[{"href":"https:\/\/www.uudistekeskus.ee\/index.php?rest_route=\/wp\/v2\/posts\/671","targetHints":{"allow":["GET"]}}],"collection":[{"href":"https:\/\/www.uudistekeskus.ee\/index.php?rest_route=\/wp\/v2\/posts"}],"about":[{"href":"https:\/\/www.uudistekeskus.ee\/index.php?rest_route=\/wp\/v2\/types\/post"}],"author":[{"embeddable":true,"href":"https:\/\/www.uudistekeskus.ee\/index.php?rest_route=\/wp\/v2\/users\/4"}],"replies":[{"embeddable":true,"href":"https:\/\/www.uudistekeskus.ee\/index.php?rest_route=%2Fwp%2Fv2%2Fcomments&post=671"}],"version-history":[{"count":1,"href":"https:\/\/www.uudistekeskus.ee\/index.php?rest_route=\/wp\/v2\/posts\/671\/revisions"}],"predecessor-version":[{"id":672,"href":"https:\/\/www.uudistekeskus.ee\/index.php?rest_route=\/wp\/v2\/posts\/671\/revisions\/672"}],"wp:featuredmedia":[{"embeddable":true,"href":"https:\/\/www.uudistekeskus.ee\/index.php?rest_route=\/wp\/v2\/media\/673"}],"wp:attachment":[{"href":"https:\/\/www.uudistekeskus.ee\/index.php?rest_route=%2Fwp%2Fv2%2Fmedia&parent=671"}],"wp:term":[{"taxonomy":"category","embeddable":true,"href":"https:\/\/www.uudistekeskus.ee\/index.php?rest_route=%2Fwp%2Fv2%2Fcategories&post=671"},{"taxonomy":"post_tag","embeddable":true,"href":"https:\/\/www.uudistekeskus.ee\/index.php?rest_route=%2Fwp%2Fv2%2Ftags&post=671"}],"curies":[{"name":"wp","href":"https:\/\/api.w.org\/{rel}","templated":true}]}}