{"id":627,"date":"2024-05-09T21:01:59","date_gmt":"2024-05-09T18:01:59","guid":{"rendered":"https:\/\/www.uudistekeskus.ee\/?p=627"},"modified":"2024-11-15T19:50:36","modified_gmt":"2024-11-15T17:50:36","slug":"europa-nap-2024-ben-latszolag-csalodas-napja-valojaban-pedig-a-remenye","status":"publish","type":"post","link":"https:\/\/www.uudistekeskus.ee\/?p=627","title":{"rendered":"Eur\u00f3pa-nap 2024-ben \u2013 l\u00e1tsz\u00f3lag csal\u00f3d\u00e1s napja, val\u00f3j\u00e1ban pedig a rem\u00e9ny\u00e9"},"content":{"rendered":"\n<figure class=\"wp-block-image size-full\"><img loading=\"lazy\" decoding=\"async\" width=\"300\" height=\"226\" src=\"https:\/\/www.uudistekeskus.ee\/wp-content\/uploads\/2024\/05\/bag-of-money.bmp\" alt=\"\" class=\"wp-image-632\"\/><\/figure>\n\n\n\n<figure class=\"wp-block-image size-full\"><img loading=\"lazy\" decoding=\"async\" width=\"225\" height=\"171\" src=\"https:\/\/www.uudistekeskus.ee\/wp-content\/uploads\/2024\/05\/zsidofelelossegre-1.bmp\" alt=\"\" class=\"wp-image-633\"\/><\/figure>\n\n\n\n<p><\/p>\n\n\n\n<p>A l\u00e1tszat csal. Ez vonatkozik az idei Eur\u00f3pa-napra is. R\u00e1n\u00e9z\u00e9sre nem is lehetne m\u00e1r sokkal nagyobb a cs\u00e1va, melyben mi eur\u00f3paiak \u00e9ppen vagyunk. Hisztiz\u0151k szerint, egyenesen atomh\u00e1bor\u00fa k\u00fcsz\u00f6b\u00e9n \u00e1llunk. A t\u00f6bbi zavar\u00f3, riaszt\u00f3 t\u00e9nyez\u0151r\u0151l nem is sz\u00f3lva. (Idegk\u00edm\u00e9l\u00e9s v\u00e9gett, ink\u00e1bb nem is sorolom f\u00f6l azokat.)<\/p>\n\n\n\n<p>K\u00f6zelebbr\u0151l n\u00e9zve azonban az\u00e9rt j\u00f3val rem\u00e9nykelt\u0151bb a helyzet. H\u00e1bor\u00fas usz\u00edt\u00f3k ugyanis elhaszn\u00e1lt\u00e1k szinte az \u00f6sszes zsarol\u00e1si, megf\u00e9leml\u00edt\u00e9si fog\u00e1sukat, \u00e9s eljutottak a \u201elenni vagy nem lenni?\u201d v\u00e1laszt\u00e1sk\u00e9nyszerig. K\u00f6vetkez\u0151 l\u00e9p\u00e9s\u00fck el\u0151re imm\u00e1r veszt\u00fcket (is) jelenten\u00e9. Emiatt egyetlenegy v\u00e1laszt\u00e1si lehet\u0151s\u00e9guk van h\u00e1tra: meg\u00e1lljt parancsolni, \u00e9s megfordulni, azt k\u00f6vet\u0151en pedig \u2013 egy id\u0151 m\u00falva \u2013 lehajtott fejjel t\u00e1vozni. Merthogy \u2013 a rendelkez\u00e9s\u00fckre \u00e1ll\u00f3 eszk\u00f6z\u00f6k szinte korl\u00e1tlan mennyis\u00e9g\u00e9nek ellen\u00e9re \u2013 nem birk\u00f3ztak meg a vezet\u0151i szerep\u00fckkel. Magyarul nem \u00fct\u00f6tt\u00e9k meg a m\u00e9rt\u00e9ket.<\/p>\n\n\n\n<p>Hely\u00fckre \u00faj er\u0151k l\u00e9pnek. A j\u00f3zan gondolkod\u00e1st, valamint a megmarad\u00e1s v\u00e1gy\u00e1t k\u00e9pvisel\u0151 er\u0151k. A b\u00e9kep\u00e1rti er\u0151k. \u00c9s ez \u00edgy van rendj\u00e9n. Hiszen az Eur\u00f3pai Uni\u00f3 jogel\u0151d szervezet\u00e9t is \u00e9ppen av\u00e9gett hozt\u00e1k l\u00e9tre, hogy soha t\u00f6bb\u00e9 ne legyen h\u00e1bor\u00fa Eur\u00f3p\u00e1ban.<\/p>\n\n\n\n<p>Most, a h\u00e1bor\u00fas hiszti kell\u0151s k\u00f6zep\u00e9n \u00e9lve, jegyezz\u00fck meg: a jelen helyzetk\u00e9p ink\u00e1bb el\u0151bb, mint ut\u00f3bb elhalv\u00e1nyul \u00e9s megsz\u0171nik, az \u0151t felv\u00e1lt\u00f3 helyzetk\u00e9p pedig rem\u00e9ny- \u00e9s \u00f6r\u00f6mteljes lesz.<\/p>\n\n\n\n<p>Eur\u00f3pa \u00e1trendez\u0151d\u0151ben van. Mozdulnak az er\u0151vonalak. K\u00fcl\u00f6n\u00f6sen K\u00f6z\u00e9p-Kelet-Eur\u00f3p\u00e1ban. Ahogy a <em>Piros sz\u00edv, feh\u00e9r h\u00f3, z\u00f6ld lev\u00e9l<\/em> c. <a href=\"https:\/\/taara.uudistekeskus.ee\/f\/0ad770d69c954f1a817d\/\">dalban \u00e9neklik<\/a>:<\/p>\n\n\n\n<p>\u00daj tavasz j\u00f6n, s \u00faj hat\u00e1r,<\/p>\n\n\n\n<p>\u00e9s a sz\u00e9p turulmad\u00e1r<\/p>\n\n\n\n<p>visszasz\u00e1ll,<\/p>\n\n\n\n<p>\u00fajrasz\u00e1ll,<\/p>\n\n\n\n<p>hazasz\u00e1ll.<\/p>\n\n\n\n<p><strong>T\u00f6nu Kalvet<\/strong><\/p>\n","protected":false},"excerpt":{"rendered":"<p>A l\u00e1tszat csal. Ez vonatkozik az idei Eur\u00f3pa-napra is. R\u00e1n\u00e9z\u00e9sre nem is lehetne m\u00e1r sokkal nagyobb a cs\u00e1va, melyben mi eur\u00f3paiak \u00e9ppen vagyunk. Hisztiz\u0151k szerint, egyenesen atomh\u00e1bor\u00fa k\u00fcsz\u00f6b\u00e9n \u00e1llunk. A&hellip;<\/p>\n","protected":false},"author":4,"featured_media":629,"comment_status":"open","ping_status":"open","sticky":false,"template":"","format":"standard","meta":{"_eb_attr":"","footnotes":""},"categories":[114,7],"tags":[],"class_list":["post-627","post","type-post","status-publish","format-standard","has-post-thumbnail","hentry","category-magyar","category-uudised"],"_links":{"self":[{"href":"https:\/\/www.uudistekeskus.ee\/index.php?rest_route=\/wp\/v2\/posts\/627","targetHints":{"allow":["GET"]}}],"collection":[{"href":"https:\/\/www.uudistekeskus.ee\/index.php?rest_route=\/wp\/v2\/posts"}],"about":[{"href":"https:\/\/www.uudistekeskus.ee\/index.php?rest_route=\/wp\/v2\/types\/post"}],"author":[{"embeddable":true,"href":"https:\/\/www.uudistekeskus.ee\/index.php?rest_route=\/wp\/v2\/users\/4"}],"replies":[{"embeddable":true,"href":"https:\/\/www.uudistekeskus.ee\/index.php?rest_route=%2Fwp%2Fv2%2Fcomments&post=627"}],"version-history":[{"count":5,"href":"https:\/\/www.uudistekeskus.ee\/index.php?rest_route=\/wp\/v2\/posts\/627\/revisions"}],"predecessor-version":[{"id":636,"href":"https:\/\/www.uudistekeskus.ee\/index.php?rest_route=\/wp\/v2\/posts\/627\/revisions\/636"}],"wp:featuredmedia":[{"embeddable":true,"href":"https:\/\/www.uudistekeskus.ee\/index.php?rest_route=\/wp\/v2\/media\/629"}],"wp:attachment":[{"href":"https:\/\/www.uudistekeskus.ee\/index.php?rest_route=%2Fwp%2Fv2%2Fmedia&parent=627"}],"wp:term":[{"taxonomy":"category","embeddable":true,"href":"https:\/\/www.uudistekeskus.ee\/index.php?rest_route=%2Fwp%2Fv2%2Fcategories&post=627"},{"taxonomy":"post_tag","embeddable":true,"href":"https:\/\/www.uudistekeskus.ee\/index.php?rest_route=%2Fwp%2Fv2%2Ftags&post=627"}],"curies":[{"name":"wp","href":"https:\/\/api.w.org\/{rel}","templated":true}]}}