{"id":594,"date":"2024-05-04T00:35:52","date_gmt":"2024-05-03T21:35:52","guid":{"rendered":"https:\/\/www.uudistekeskus.ee\/?p=594"},"modified":"2024-05-05T11:02:59","modified_gmt":"2024-05-05T08:02:59","slug":"veget-ert-a-20-eves-eu-fele-kabulat-itt-az-ideje-hogy-kijozanodjunk","status":"publish","type":"post","link":"https:\/\/www.uudistekeskus.ee\/?p=594","title":{"rendered":"V\u00e9get \u00e9rt a 20-\u00e9ves EU-f\u00e9le k\u00e1bulat. Itt az ideje, hogy kij\u00f3zanodjunk!"},"content":{"rendered":"\n<p>Az \u201eeur\u00f3\u00e1lom\u201d nev\u0171 k\u00e1b\u00edt\u00f3szer annyit vesztett erej\u00e9b\u0151l, hogy egyre kevesebbekre hat. A j\u00f3hiszem\u0171ek lelki szemei el\u00e9 felv\u00e1zolt, gy\u00f6ny\u00f6r\u0171 l\u00e9gv\u00e1rak szertefoszlottak. Megmaradt a zord val\u00f3s\u00e1g. T\u00f6bbek k\u00f6z\u00f6tt, maguk az egyszerre szemtelen \u00e9s neh\u00e9z felfog\u00e1s\u00fa eur\u00f3k\u00e1b\u00edt\u00f3k is.<\/p>\n\n\n\n<p>Az a sz\u00e9p \u00e9let \u00e9s nagy biztons\u00e1g\u00e9rzet, melyet \u00edg\u00e9rgettek nek\u00fcnk az Eur\u00f3pai Uni\u00f3ba val\u00f3 bel\u00e9p\u00e9s el\u0151tt, ugyancsak elp\u00e1rolgott mind a ketten. Helyett\u00fck a term\u00e9szetelleness\u00e9g terpeszkedik, amelyet minden\u00e1ron igyekeznek r\u00e1er\u0151ltetni az emberre.<\/p>\n\n\n\n<p>Az Eur\u00f3pai Uni\u00f3 vezet\u00e9se oly sokszor l\u00e9pett ugyanarra az orrba v\u00e1g\u00f3 gerebly\u00e9re, hogy ezeket az eseteket mind egy sz\u00e1lig felsorolni sem is tudn\u00e1 az ember. Ez\u00e9rt k\u00f6z\u00fcl\u00fck csak a legfontosabbakat sorolom itt fel:<\/p>\n\n\n\n<p>1) beengedett olyan idegen hadakat, melyek nem is sz\u00e1nd\u00e9koznak alkalmazkodni az eur\u00f3pai \u00e9letvitelhez, hanem ehelyett megkezdt\u00e9k imm\u00e1r hatalmuk al\u00e1 hajtani \u00e9s kiszor\u00edtani az eur\u00f3paiakat magukat;<\/p>\n\n\n\n<p>2) elvesztette a fej\u00e9t, amikor el\u0151 lett id\u00e9zve a koronav\u00edrus-hiszti. Akkori laikus viselked\u00e9s\u00e9vel nagyot rontott mind az emberek eg\u00e9szs\u00e9g\u00e9n, mind a k\u00f6zgazdas\u00e1g\u00e9n;<\/p>\n\n\n\n<p>3) a t\u00e9nyeket <strong>akarattal<\/strong> elhallgatva, kezdte r\u00e1er\u0151ltetni a z\u00f6ldfordulat nev\u0171, term\u00e9szetellenes tervet, amelyik k\u00e1ros\u00edtja az egy\u00e9nt is, a t\u00e1rsadalmat is;<\/p>\n\n\n\n<p>4) saj\u00e1t er\u0151i k\u00e1r\u00e1ra \u00e9s m\u00e1sok jav\u00e1ra cselekedett az\u00e1ltal, hogy 2022-ben kiz\u00e1r\u00f3lag ideol\u00f3giai okokb\u00f3l (olvasd: az \u00e1tl\u00e1tsz\u00f3, sz\u00e1nalmas \u00fcr\u00fcgyekkel) enged\u00e9lyezte olyan gazdas\u00e1gi szankci\u00f3k bevezet\u00e9s\u00e9t, melyek a legf\u00e1j\u00f3bb csap\u00e1st \u00e9ppen az eur\u00f3paiakra m\u00e9rt\u00e9k, mik\u00f6zben a szankci\u00f3k c\u00e9lpontja maga a kor\u00e1bbiakhoz k\u00e9pest sokkal jobb \u00e1llapot\u00fav\u00e1 fejleszthette a k\u00f6zgazdas\u00e1g\u00e1t, az Eur\u00f3pa nemzeteinek \u201elegjobb bar\u00e1t\u201d-ja, az Amerikai Egyes\u00fclt \u00c1llamok pedig egyenesen f\u00fcrdik a szerfelett kedvez\u0151 gazdas\u00e1gi helyzet hat\u00e1s\u00e1ra kapott (plusz)p\u00e9nzben.<\/p>\n\n\n\n<p>Az Eur\u00f3pai Uni\u00f3 vezet\u00e9se <strong>meggy\u0151z\u0151en<\/strong> bizony\u00edtotta <strong>teljes alkalmatlans\u00e1g\u00e1t<\/strong>, \u00e9s emiatt lev\u00e1ltand\u00f3. Ha az ember elt\u0171rn\u00e9, hogy <strong>ilyen<\/strong> l\u00e9nyek a nemzetek sz\u00f6vets\u00e9g\u00e9b\u0151l egy sz\u00f6vets\u00e9gi \u00e1llamm\u00e1 v\u00e1ltoztass\u00e1k \u00e1t az Eur\u00f3pai Uni\u00f3t, akkor ez azzal lenne egyenl\u0151, mintha a Kalasnyikov-g\u00e9ppisztolyt egy cerk\u00f3fmajom kez\u00e9be adn\u00e1.<\/p>\n\n\n\n<p>De az <strong>ilyen<\/strong> l\u00e9nyek m\u00e9g a jelenlegi Eur\u00f3pai Uni\u00f3 \u00e9l\u00e9re sem val\u00f3k. \u00c9s t\u00e9nyleg le lesznek majd v\u00e1ltva. Mert hogyha valakinek t\u00e9nyleg musz\u00e1j lesz elindulnia az \u00f6r\u00f6kk\u00e9val\u00f3s\u00e1g fel\u00e9 vezet\u0151 \u00faton, akkor azok az elindul\u00f3k mindenk\u00e9ppen \u0151k legyenek, nem pedig a saj\u00e1t j\u00f3l\u00e9t\u00fcket \u00e9s j\u00f6v\u0151j\u00fcket j\u00f3hiszem\u0171en r\u00e1juk b\u00edzott emberek \u00e9s n\u00e9pek!<\/p>\n\n\n\n<p>Imm\u00e1r az elk\u00f6vetkez\u0151 \u00f6t-hat \u00e9v alatt egyre er\u0151s\u00f6dik majd az Eur\u00f3pai Uni\u00f3ban a hazafiak \u2013 NB! a <strong>m\u0171velt<\/strong>, nem pedig a bunk\u00f3 fajta hazafiak! \u2013 befoly\u00e1sa. Az Eur\u00f3pai Uni\u00f3 \u00f6nmag\u00e1ban v\u00e9ve egy nagyon hasznos <strong>munkaeszk\u00f6z<\/strong> (NB! nem pedig <strong>\u00f6nc\u00e9l<\/strong>!), hogy biztos\u00edtsa az eur\u00f3paiak sz\u00e1m\u00e1ra mind a felvir\u00e1gz\u00e1st, mind a biztons\u00e1g\u00e9rzetet. Nem kell kil\u00e9pn\u00fcnk az uni\u00f3b\u00f3l, ha el\u00e9gedetlenek vagyunk vele. Sokkal jobb, ha visszavessz\u00fck a hatalmat a szemtelen k\u00e1rtev\u0151kt\u0151l \u2013 saj\u00e1t kez\u00fcnkbe.<\/p>\n\n\n\n<p>\u00c9s val\u00f3ban, vissza fogjuk venni. Fokr\u00f3l fokra ugyan, de ann\u00e1l visszaford\u00edthatatlanabbul. Kiszabadulva az eur\u00f3badars\u00e1g okozta k\u00e1bulatb\u00f3l.<\/p>\n\n\n\n<p><strong>T\u00f6nu Kalvet<\/strong><\/p>\n\n\n\n<p><a><\/a> <em><strong>A szerz\u0151 ford\u00edt\u00e1sa. Legel\u0151sz\u0151r 2024. m\u00e1jus 3.-\u00e1n, a <\/strong><\/em><em><strong>Facebooko<\/strong><\/em><em><strong>n jelent meg. Az eredeti sz\u00f6veg 2024. m\u00e1jus 1.-\u00e9n <\/strong><\/em>\u2013 <em><strong>el\u0151bb a <\/strong><\/em><em><strong>Facebooko<\/strong><\/em><em><strong>n, ut\u00e1na pedig a Hazafiak Tallinni Klubj\u00e1nak a honlapj\u00e1n <\/strong><\/em>\u2013 <em><strong>jelent meg. <\/strong><\/em><em><strong>Ld.: <\/strong><\/em><a href=\"https:\/\/www.rahvuslasteklubi.org\/tallinn\/index.php\/eesti\/12-artiklid\/393-20-aastat-euroliidu-uimas-on-labi-aeg-on-saada-kaineks\" target=\"_blank\" rel=\"noreferrer noopener\">https:\/\/www.rahvuslasteklubi.org\/tallinn\/index.php\/eesti\/12-artiklid\/393-20-aastat-euroliidu-uimas-on-labi-aeg-on-saada-kaineks<\/a><\/p>\n","protected":false},"excerpt":{"rendered":"<p>Az \u201eeur\u00f3\u00e1lom\u201d nev\u0171 k\u00e1b\u00edt\u00f3szer annyit vesztett erej\u00e9b\u0151l, hogy egyre kevesebbekre hat. A j\u00f3hiszem\u0171ek lelki szemei el\u00e9 felv\u00e1zolt, gy\u00f6ny\u00f6r\u0171 l\u00e9gv\u00e1rak szertefoszlottak. Megmaradt a zord val\u00f3s\u00e1g. T\u00f6bbek k\u00f6z\u00f6tt, maguk az egyszerre szemtelen&hellip;<\/p>\n","protected":false},"author":4,"featured_media":597,"comment_status":"open","ping_status":"open","sticky":false,"template":"","format":"standard","meta":{"_eb_attr":"","footnotes":""},"categories":[7],"tags":[],"class_list":["post-594","post","type-post","status-publish","format-standard","has-post-thumbnail","hentry","category-uudised"],"_links":{"self":[{"href":"https:\/\/www.uudistekeskus.ee\/index.php?rest_route=\/wp\/v2\/posts\/594","targetHints":{"allow":["GET"]}}],"collection":[{"href":"https:\/\/www.uudistekeskus.ee\/index.php?rest_route=\/wp\/v2\/posts"}],"about":[{"href":"https:\/\/www.uudistekeskus.ee\/index.php?rest_route=\/wp\/v2\/types\/post"}],"author":[{"embeddable":true,"href":"https:\/\/www.uudistekeskus.ee\/index.php?rest_route=\/wp\/v2\/users\/4"}],"replies":[{"embeddable":true,"href":"https:\/\/www.uudistekeskus.ee\/index.php?rest_route=%2Fwp%2Fv2%2Fcomments&post=594"}],"version-history":[{"count":2,"href":"https:\/\/www.uudistekeskus.ee\/index.php?rest_route=\/wp\/v2\/posts\/594\/revisions"}],"predecessor-version":[{"id":600,"href":"https:\/\/www.uudistekeskus.ee\/index.php?rest_route=\/wp\/v2\/posts\/594\/revisions\/600"}],"wp:featuredmedia":[{"embeddable":true,"href":"https:\/\/www.uudistekeskus.ee\/index.php?rest_route=\/wp\/v2\/media\/597"}],"wp:attachment":[{"href":"https:\/\/www.uudistekeskus.ee\/index.php?rest_route=%2Fwp%2Fv2%2Fmedia&parent=594"}],"wp:term":[{"taxonomy":"category","embeddable":true,"href":"https:\/\/www.uudistekeskus.ee\/index.php?rest_route=%2Fwp%2Fv2%2Fcategories&post=594"},{"taxonomy":"post_tag","embeddable":true,"href":"https:\/\/www.uudistekeskus.ee\/index.php?rest_route=%2Fwp%2Fv2%2Ftags&post=594"}],"curies":[{"name":"wp","href":"https:\/\/api.w.org\/{rel}","templated":true}]}}