{"id":4270,"date":"2026-09-02T20:48:37","date_gmt":"2026-09-02T17:48:37","guid":{"rendered":"https:\/\/www.uudistekeskus.ee\/?p=4270"},"modified":"2026-09-02T22:32:24","modified_gmt":"2026-09-02T19:32:24","slug":"gondolatok-az-europai-uniorol","status":"publish","type":"post","link":"https:\/\/www.uudistekeskus.ee\/?p=4270","title":{"rendered":"Gondolatok az Eur\u00f3pai Uni\u00f3r\u00f3l \u00e9s j\u00f6v\u0151j\u00e9r\u0151l"},"content":{"rendered":"<p align=\"left\"><span style=\"color: #000000;\"><span style=\"font-family: Liberation Serif, serif;\"><span style=\"font-size: medium;\"><b>Egy minden orsz\u00e1g egy\u00e9ni \u00e9rdekeit figyelembe vev\u0151 k\u00f6z\u00f6s \u00e9rdekrendszeren nyugv\u00f3 Eur\u00f3p\u00e1ra van sz\u00fcks\u00e9g. De egy Eur\u00f3pai Egyes\u00fclt \u00c1llamoknak nincs l\u00e9tjogosults\u00e1ga. Ha <\/b><b>az ut\u00f3bbi terv (olvasd: k\u00e9nyszerk\u00e9pzet) p\u00e1rtol\u00f3i m\u00e9gis minden aron <\/b><b>folytatj\u00e1k az antidemokratikus t\u00f6rekv\u00e9seket, akkor sz\u00e9t fog hullani a mostani EU.<\/b><\/span><\/span><\/span><\/p>\n<p align=\"left\"><span style=\"color: #000000;\"><span style=\"font-family: Liberation Serif, serif;\"><span style=\"font-size: medium;\"><b>EL\u0150ZM\u00c9NYEK<\/b><\/span><\/span><\/span><\/p>\n<p align=\"left\"><span style=\"color: #000000;\"><span style=\"font-family: Liberation Serif, serif;\"><span style=\"font-size: medium;\"><i><b>Az emberis\u00e9g hajnal\u00e1n<\/b><\/i><\/span><\/span><\/span><\/p>\n<p align=\"left\"><span style=\"color: #000000;\"><span style=\"font-family: Liberation Serif, serif;\"><span style=\"font-size: medium;\">Az \u0151skorban az emberis\u00e9g energi\u00e1ja nagy r\u00e9sz\u00e9t az \u00e9lelem megszerz\u00e9se k\u00f6t\u00f6tte le, a konfliktusok nagyr\u00e9szt ter\u00fcleti vit\u00e1kra korl\u00e1toz\u00f3dhattak. Amikor a mez\u0151gazdas\u00e1g kialakul\u00e1s\u00e1val m\u00e1r maradt energi\u00e1ja az esetlegesen mesters\u00e9gesen gener\u00e1lt konfliktusok kezel\u00e9s\u00e9re is, akkor kisz\u00e9lesedtek ezek az ellent\u00e9tek. Mindeddig le voltak foglalva az \u00e9lelem szerz\u00e9s\u00e9vel, az agresszivit\u00e1s m\u00e1sodlagos volt \u2013 a konfliktusok ez\u00e9rt nagyr\u00e9szt a ter\u00fcletek birtokl\u00e1s\u00e1\u00e9rt folytak. <\/span><\/span><\/span><\/p>\n<p align=\"left\"><span style=\"color: #000000;\"><span style=\"font-family: Liberation Serif, serif;\"><span style=\"font-size: medium;\"><i><b>Az \u00f3kor<\/b><\/i><\/span><\/span><\/span><\/p>\n<p align=\"left\"><span style=\"color: #000000;\"><span style=\"font-family: Liberation Serif, serif;\"><span style=\"font-size: medium;\">Az \u00f3korban m\u00e1r kialakultak a nagyobb k\u00f6z\u00f6ss\u00e9gek \u00e9s polariz\u00e1l\u00f3dott a lakoss\u00e1g. Kialakultak a szervezett nagyobb t\u00f6rzsi sz\u00f6vets\u00e9gek, k\u00e9s\u0151bb kialakultak a kir\u00e1lys\u00e1gok, birodalmak. Ekkor m\u00e1r megjelentek a gazdagok \u00e9s az elszeg\u00e9nyedett r\u00e9tegek, s\u0151t, kialakult a szervezett rabszolgas\u00e1g is.<\/span><\/span><\/span><\/p>\n<p align=\"left\"><span style=\"color: #000000;\"><span style=\"font-family: Liberation Serif, serif;\"><span style=\"font-size: medium;\"><i><b>A k\u00f6z\u00e9pkor<\/b><\/i><\/span><\/span><\/span><\/p>\n<p align=\"left\"><span style=\"color: #000000;\"><span style=\"font-family: Liberation Serif, serif;\"><span style=\"font-size: medium;\">A k\u00f6z\u00e9pkorban folytat\u00f3dott a t\u00e1rsadalmak vagyon szerinti sz\u00e9ttagoz\u00f3d\u00e1sa. Az \u00f3korban \u00e9s a k\u00f6z\u00e9pkorban m\u00e9g lehetett vagyont \u2013 f\u00f6ldeket, kast\u00e9lyokat \u2013 kapni az uralkod\u00f3kt\u00f3l, f\u0151leg az orsz\u00e1g \u00e9rdek\u00e9ben v\u00e9gzett tev\u00e9kenys\u00e9g\u00e9rt, legink\u00e1bb harcokban val\u00f3 sikeres r\u00e9szv\u00e9telek\u00e9rt. M\u00e1r ekkor kialakultak a nagy p\u00e9nzhatalommal rendelkez\u0151 csal\u00e1dok, pl. a Fuggerek, akik pl. V. K\u00e1roly N\u00e9met-r\u00f3mai cs\u00e1sz\u00e1r hatalomra jut\u00e1s\u00e1t is p\u00e9nzelt\u00e9k, majd k\u00e9s\u0151bb zsarolt\u00e1k, hogy d\u00f6nt\u00e9seikkel a Fuggerek \u00e9rdekeit szolg\u00e1lja.<\/span><\/span><\/span><\/p>\n<p align=\"left\"><span style=\"color: #000000;\"><span style=\"font-family: Liberation Serif, serif;\"><span style=\"font-size: medium;\"><b>Az \u00fajkor<\/b><\/span><\/span><\/span><\/p>\n<p align=\"left\"><span style=\"color: #000000;\"><span style=\"font-family: Liberation Serif, serif;\"><span style=\"font-size: medium;\">A tudom\u00e1nyos felfedez\u00e9sek alapjain l\u00e9trej\u00f6tt az ipari forradalom. Az ipari forradalom megalapozta a kapitalizmus l\u00e9trej\u00f6tt\u00e9t. Az ipari \u00fczemekbe v\u00e1ndorolt (k\u00e9nyszer\u00fclt) dolgoz\u00f3k kapcsolata a term\u00e9szetes \u00e9letm\u00f3dt\u00f3l elszakadt. Kor\u00e1bban a falusi \u00e9letm\u00f3d m\u00e9g \u0151rizte a term\u00e9szettel val\u00f3 eg\u00e9szs\u00e9ges kapcsolatot. A falusi \u00e9s kisv\u00e1rosi termel\u00e9s idej\u00e9n a term\u00e9szetb\u0151l annyit vettek el ami a meg\u00e9lhet\u00e9s\u00fcket tartal\u00e9kkal biztos\u00edtotta. Az \u00fajkorban indult meg a kapitalizmus kialakul\u00e1sa. A kapitalizmus kiz\u00e1r\u00f3lagos c\u00e9lja a min\u00e9l nagyobb anyagi haszon el\u00e9r\u00e9se. Ebben a modellben az emberis\u00e9g m\u00e1r elszakad a term\u00e9szett\u0151l, a termel\u00e9s nem csak az alapvet\u0151 t\u00e1gabb sz\u00fcks\u00e9gleteit el\u00e9g\u00edti ki. A t\u00faltermel\u00e9ssel luxus ig\u00e9nyeket \u00e9s felesleges ig\u00e9nyeket is gener\u00e1ltak. Az ember az egyed\u00fcli \u00e9l\u0151l\u00e9ny, amely a term\u00e9szetb\u0151l a t\u00e9nyleges sz\u00fcks\u00e9gletein\u00e9l sokkal t\u00f6bbet vesz el. N\u00e9mi eg\u00e9szs\u00e9ges extra el\u0151ny\u00f6ket biztos\u00edt\u00f3 forr\u00e1st a term\u00e9szetb\u0151l el lehetne venni, de ma m\u00e1r ezt a m\u00e9rt\u00e9ket j\u00f3val meghaladja az emberis\u00e9g term\u00e9szetk\u00e1ros\u00edt\u00e1sa. Az emberis\u00e9g t\u00f6bb F\u00f6ld bolyg\u00f3nyi energi\u00e1t \u00e9s nyersanyagot haszn\u00e1l el \u00e9ves szinten. A kialakult gazdag nagyt\u0151k\u00e9s r\u00e9tegb\u0151l l\u00e9trej\u00f6tt a nemzetk\u00f6zi nagyt\u0151ke, amely a m\u00e9di\u00e1kon kereszt\u00fcl a Vil\u00e1g n\u00e9pess\u00e9g\u00e9nek a v\u00e9lem\u00e9ny\u00e9t is a kez\u00fckben tartj\u00e1k. Ennek klasszikus p\u00e9ld\u00e1ja a Rotschildok tev\u00e9kenys\u00e9ge.<\/span><\/span><\/span><\/p>\n<p align=\"left\"><span style=\"color: #000000;\"><span style=\"font-family: Liberation Serif, serif;\"><span style=\"font-size: medium;\"><b>Napjainkban<\/b><\/span><\/span><\/span><\/p>\n<p align=\"left\"><span style=\"color: #000000;\"><span style=\"font-family: Liberation Serif, serif;\"><span style=\"font-size: medium;\">A mai falusi n\u00e9pess\u00e9g nagy r\u00e9sze sem a term\u00e9szetes mez\u0151gazdas\u00e1gi \u00e9s kisiparos tev\u00e9kenys\u00e9gb\u0151l \u00e9l \u2013 a t\u00f6bbs\u00e9g\u00fck elj\u00e1r a v\u00e1rosba dolgozni. A faluba l\u00e1togat\u00f3 embert f\u0171ny\u00edr\u00f3 \u00e9s elektromos f\u0171r\u00e9sz hangja fogadja a kakaskukor\u00e9kol\u00e1s, r\u00f6f\u00f6g\u00e9s \u00e9s kutyaugat\u00e1s helyett. A mez\u0151gazdas\u00e1gi termel\u00e9s nem az eg\u00e9szs\u00e9ges kis \u00e9s k\u00f6zepes birtokokon folyik, hanem egyre nagyobb gazdas\u00e1gokban. Ezek az \u00f3ri\u00e1s farmok az id\u0151 el\u0151rehaladt\u00e1val legink\u00e1bb multinacion\u00e1lis c\u00e9gek tulajdon\u00e1ba ker\u00fclnek. Ezek a multinacion\u00e1lis c\u00e9gek pedig nagyr\u00e9szt a nemzetk\u00f6zi nagyt\u0151ke tulajdon\u00e1ban vannak, teh\u00e1t az ipari termel\u00e9s mellett a mez\u0151gazdas\u00e1got is a nemzetk\u00f6zi nagyt\u0151ke uralja.<\/span><\/span><\/span><\/p>\n<p align=\"left\"><span style=\"color: #000000;\"><span style=\"font-family: Liberation Serif, serif;\"><span style=\"font-size: medium;\"><b>AZ\u00a0 EUR\u00d3PAI\u00a0 UNI\u00d3\u00a0 \u00c9S\u00a0 AZ\u00a0 EUR\u00d3PAI\u00a0 EGYES\u00dcLT\u00a0 \u00c1LLAMOK\u00a0 VIZI\u00d3JA<\/b><\/span><\/span><\/span><\/p>\n<p align=\"left\"><span style=\"color: #000000;\"><span style=\"font-family: Liberation Serif, serif;\"><span style=\"font-size: medium;\">Az \u00fajkor hajnal\u00e1ra l\u00e9trej\u00f6tt eur\u00f3pai orsz\u00e1gok f\u00f6l\u00f6tti hatalmat szerette volna megszerezni az addigra kialakult p\u00e9nz\u00fcgyi h\u00e1tt\u00e9rhatalom. Az \u00f6n\u00e1ll\u00f3s\u00e1gukat m\u00e9g r\u00e9szben \u0151rz\u0151 orsz\u00e1gok akad\u00e1lyt jelentettek a p\u00e9nz\u00fcgyi h\u00e1tt\u00e9rhatalom sz\u00e1m\u00e1ra. Megpr\u00f3b\u00e1lt\u00e1k teh\u00e1t meggyeng\u00edteni a m\u00e9g r\u00e9szben \u00f6n\u00e1ll\u00f3 orsz\u00e1gokat. Ellent\u00e9teket gener\u00e1ltak az orsz\u00e1gok k\u00f6z\u00f6tt, amelyek h\u00e1bor\u00fakba torkolltak. A v\u00e9g\u00e9n mindk\u00e9t h\u00e1bor\u00fas felet p\u00e9nzelt\u00e9k, hogy a konfliktus min\u00e9l tov\u00e1bb tartson, min\u00e9l t\u00f6bb tartoz\u00e1sa legyen az orsz\u00e1goknak a h\u00e1tt\u00e9rhatalom fel\u00e9. A h\u00e1bor\u00fa ut\u00e1n \u00f3ri\u00e1si \u00f6sszegekkel tartoztak a civakod\u00f3 felek \u00e9s m\u00e9g az \u00fajj\u00e1\u00e9p\u00edt\u00e9sb\u0151l is a p\u00e9nz\u00fcgyi h\u00e1tt\u00e9rhatalom h\u00fazott hasznot. S\u0151t m\u00e9g az \u00e9rintett orsz\u00e1gok gazdas\u00e1gi potenci\u00e1ljainak fontosabb r\u00e9szeit is legt\u00f6bbsz\u00f6r megszerezt\u00e9k. <\/span><\/span><\/span><\/p>\n<p align=\"left\"><span style=\"color: #000000;\"><span style=\"font-family: Liberation Serif, serif;\"><span style=\"font-size: medium;\">Ezt a receptet haszn\u00e1lj\u00e1k a jelenlegi ukr\u00e1n\u2013orosz konfliktusban is. Ezt a k\u00e9t testv\u00e9rn\u00e9p k\u00f6z\u00f6tt mesters\u00e9gesen gerjesztett ellent\u00e9tet is az\u00e9rt hozt\u00e1k l\u00e9tre, hogy megszerezz\u00e9k Ukrajna, k\u00e9s\u0151bb Oroszorsz\u00e1g term\u00e9szeti kincseit, valamint a felett\u00fck \u00e9rv\u00e9nyes\u00edtend\u0151 hatalmat.<\/span><\/span><\/span><\/p>\n<p align=\"left\"><span style=\"color: #000000;\"><span style=\"font-family: Liberation Serif, serif;\"><span style=\"font-size: medium;\">Az igazi agresszor az ukr\u00e1n\u2013orosz konfliktusban teh\u00e1t a Nemzetk\u00f6zi P\u00e9nz\u00fcgyi H\u00e1tt\u00e9rhatalom, mert mesters\u00e9gesen gener\u00e1lt ellent\u00e9teket. Ugyanis mindk\u00e9t nemzet kis r\u00e9sze \u00e9rzett csak ellent\u00e9tet a m\u00e1sik ir\u00e1nt. A nyelv\u00fcket egym\u00e1s t\u00e1jsz\u00f3l\u00e1sainak lehet tekinteni, ha az egyik\u00fck oroszul sz\u00f3lt a m\u00e1sikhoz vagy ukr\u00e1nul, senkit nem zavart \u2013 \u00e9rtett\u00e9k \u00e9s elfogadt\u00e1k egym\u00e1st.<\/span><\/span><\/span><\/p>\n<p align=\"left\"><span style=\"color: #000000;\"><span style=\"font-family: Liberation Serif, serif;\"><span style=\"font-size: medium;\">Az Eur\u00f3pai Uni\u00f3 l\u00e9trehoz\u00e1sa a H\u00e1tt\u00e9rhatalom terveiben csak egy \u00e1llom\u00e1s. \u0150k egy Eur\u00f3pai Egyes\u00fclt \u00c1llamokat szeretn\u00e9nek l\u00e9trehozni \u2013 hasonl\u00f3an az Amerikai Egyes\u00fclt \u00c1llamokhoz. Ehhez kellett a t\u00f6rt\u00e9nelmi eur\u00f3pai birodalmakat sz\u00e9tverni, sz\u00e9tdarabolni. Ugyanis a kisebb orsz\u00e1gok felett k\u00f6nnyebb megszerezni az ir\u00e1ny\u00edt\u00e1st. Az Eur\u00f3pai Uni\u00f3 ut\u00e1ni k\u00f6vetkez\u0151 tervezett l\u00e9p\u00e9se a H\u00e1tt\u00e9rhatalomnak az Eur\u00f3pai Egyes\u00fclt \u00c1llamok lenne. Ez\u00e9rt kell elad\u00f3s\u00edtani az EU-t, az USA is a k\u00f6z\u00f6s ad\u00f3ss\u00e1g r\u00e9v\u00e9n j\u00f6hetett l\u00e9tre. A k\u00f6z\u00f6s teher volt az \u00f6sszetart\u00f3 er\u0151. De ez nem el\u00e9gs\u00e9ges felt\u00e9tel. Eur\u00f3pa m\u00e1s mint Amerika. Eur\u00f3pa soknemzetis\u00e9g\u0171, k\u00fcl\u00f6nb\u00f6z\u0151 nyelveket besz\u00e9l\u0151 <strong>nemzet\u00e1llamok<\/strong>b\u00f3l (!) \u00e1ll, amelyeknek a t\u00f6rt\u00e9nelmi m\u00faltjai \u00e9s hagyom\u00e1nyai elt\u00e9r\u0151ek. Amerika bev\u00e1ndorl\u00f3kb\u00f3l \u00e1ll, az orsz\u00e1g egy nyelvet, az angolt besz\u00e9li<b>.<\/b><\/span><\/span><\/span><\/p>\n<p align=\"left\"><span style=\"color: #000000;\"><span style=\"font-family: Liberation Serif, serif;\"><span style=\"font-size: medium;\"><b>AZ\u00a0 EUR\u00d3PAI\u00a0 UNI\u00d3\u00a0 PROBL\u00c9M\u00c1S\u00a0 \u00dcGYEI<\/b><\/span><\/span><\/span><\/p>\n<p align=\"left\"><span style=\"color: #000000;\"><span style=\"font-family: Liberation Serif, serif;\"><span style=\"font-size: medium;\">Az EU sem m\u0171k\u00f6dik sokkal jobban, mint a K\u00f6lcs\u00f6n\u00f6s Gazdas\u00e1gi Seg\u00edts\u00e9g Tan\u00e1csa (KGST). A KGST-ben is minden orsz\u00e1g eladta a versenyk\u00e9pes term\u00e9keit annak az orsz\u00e1gnak, amely a legt\u00f6bbet fizetett \u00e9rte \u2013 az EU-ban is ugyanez a helyzet. N\u00e9h\u00e1ny \u00e9ve Portug\u00e1li\u00e1ban rossz volt a b\u00fazaterm\u00e9s, Magyarorsz\u00e1gon pedig sok b\u00faza termett. Felaj\u00e1nlottuk Portug\u00e1li\u00e1nak, hogy sz\u00e1ll\u00edtunk nekik b\u00faz\u00e1t \u2013 azt mondt\u00e1k, k\u00f6sz\u00f6nik, de nem k\u00e9rik. Vettek Braz\u00edli\u00e1t\u00f3l. Az ugye itt van a k\u00f6zelben (!), vagy az a meghat\u00e1roz\u00f3, hogy portug\u00e1l gyarmat volt? Valami azt s\u00fagja, hogy ez az ut\u00f3bbi az ok. Nesze neked Eur\u00f3pai Uni\u00f3!!! <\/span><\/span><\/span><\/p>\n<p align=\"left\"><span style=\"color: #000000;\"><span style=\"font-family: Liberation Serif, serif;\"><span style=\"font-size: medium;\">Az EU-t\u00f3l t\u00e1mogat\u00e1s n\u00e9ven kapott p\u00e9nz\u00f6sszegek nagy r\u00e9sze adott feladatokra k\u00f6lthet\u0151 csak. Ez m\u00e9g nem is lenne baj, de ezek a feladatok olyanok, amelyek az EU vezet\u0151 orsz\u00e1gainak a c\u00e9geivel kapcsolatosak \u2013 \u0151k v\u00e9gzik a munk\u00e1t, ez\u00e1ltal a haszon is oda ker\u00fcl. Teh\u00e1t a kapott p\u00e9nz visszav\u00e1ndorol az EU p\u00e9nzes orsz\u00e1gaihoz. J\u00f3l ki van ez tal\u00e1lva, ez egy burkolt gazdas\u00e1gi gyarmatos\u00edt\u00e1s. Adok neked p\u00e9nzt, de t\u0151lem kell v\u00e1s\u00e1rolni a beruh\u00e1z\u00e1s anyagait \u00e9s lehet\u0151leg velem kapcsolatos c\u00e9gekkel kell a munk\u00e1t v\u00e9geztetni. K\u00f6zben az EU-ba fizet\u00fcnk is be tags\u00e1gi d\u00edjat. Br\u00e1v\u00f3!<\/span><\/span><\/span><\/p>\n<p align=\"left\"><span style=\"color: #000000;\"><span style=\"font-family: Liberation Serif, serif;\"><span style=\"font-size: medium;\"><b>EGY\u00a0 MINDEN\u00a0 TAG\u00a0 \u00c9RDEKEIT\u00a0 K\u00c9PVISEL\u0150\u00a0 EUR\u00d3PAI\u00a0 UNI\u00d3RA\u00a0 LENNE\u00a0 SZ\u00dcKS\u00c9G<\/b><\/span><\/span><\/span><\/p>\n<p align=\"left\"><span style=\"color: #000000;\"><span style=\"font-family: Liberation Serif, serif;\"><span style=\"font-size: medium;\">Az EU vezet\u00e9se megpr\u00f3b\u00e1lja minden t\u00e9ren a hatalma t\u00falterjeszt\u00e9s\u00e9t, min\u00e9l t\u00f6bb szab\u00e1lyoz\u00e1st szeretne mag\u00e1hoz vonni \u2013 azt is, ami eleve a tagorsz\u00e1gok hat\u00e1sk\u00f6re. Az EU lopakod\u00f3 t\u00f6rekv\u00e9se a min\u00e9l sz\u00e9lesebb hatalomgyakorl\u00e1sra folyamatosan er\u0151s\u00f6dik. Az uborka g\u00f6rb\u00fclet\u00e9nek az el\u0151\u00edr\u00e1s\u00e1t\u00f3l a pontosan nem meghat\u00e1rozhat\u00f3 jog\u00e1llamis\u00e1gi krit\u00e9riumokig mindenben szeretn\u00e9k a hatalmat magukhoz ragadni. Nem riadnak meg b\u00e1rmilyen befoly\u00e1sol\u00e1st\u00f3l sem. A h\u00edrforr\u00e1sokat felhaszn\u00e1lj\u00e1k az emberek befoly\u00e1sol\u00e1s\u00e1ra, hogy v\u00e1laszt\u00e1skor az \u201eX\u201d-et a sz\u00e1mukra megfelel\u0151 helyre h\u00fazz\u00e1k be. A leg\u00fajabb eszk\u00f6z\u00f6k a befoly\u00e1sol\u00e1si palett\u00e1n a k\u00f6z\u00f6ss\u00e9gi m\u00e9di\u00e1k. Vannak \u2013 f\u0151leg a fiatalabb gener\u00e1ci\u00f3k \u2013 akik csak ezekr\u0151l t\u00e1j\u00e9koz\u00f3dnak. A Facebook-f\u00fcgg\u0151k egy torz vil\u00e1gk\u00e9pet \u00e9p\u00edtenek \u00edgy fel, amit szavaz\u00e1skor \u00e9rv\u00e9nyre is juttatnak. Nesze neked val\u00f3s\u00e1g! <\/span><\/span><\/span><\/p>\n<p align=\"left\"><span style=\"color: #000000;\"><span style=\"font-family: Liberation Serif, serif;\"><span style=\"font-size: medium;\">Egy olyan \u2013 minden tag k\u00f6z\u00f6s \u00e9rdekeit k\u00e9pvisel\u0151 \u2013 EU-ra sz\u00fcks\u00e9g lenne, ahol mindenkinek egyenl\u0151 jogai \u00e9s egyenl\u0151 k\u00f6teless\u00e9gei lenn\u00e9nek, melyeket egy\u00e9rtelm\u0171en megfogalmazn\u00e1nak. Csak egy ilyen szervez\u0151d\u00e9snek van \u00e9rtelme. De egy Eur\u00f3pai Egyes\u00fclt \u00c1llamoknak nincs l\u00e9tjogosults\u00e1ga, ahogy a minden hatalmat megszerezni akar\u00f3 EU-s fels\u0151 vezet\u00e9s \u00e1ltal ir\u00e1ny\u00edtott t\u00falzottan k\u00f6zpontos\u00edtott Eur\u00f3p\u00e1t sem szeretne a t\u00f6bbs\u00e9g.<\/span><\/span><\/span><\/p>\n<p align=\"left\"><span style=\"color: #000000;\"><span style=\"font-family: Liberation Serif, serif;\"><span style=\"font-size: medium;\">Ha er\u0151ltetik a k\u00f6zpontos\u00edtott Eur\u00f3pa koncepci\u00f3j\u00e1t, ahol m\u00e1r azt szeretn\u00e9k el\u00e9rni, hogy el\u00e9g legyen a d\u00f6nt\u00e9sekhez a t\u00f6bbs\u00e9gi szavazat, ne kelljen mindenkinek egyir\u00e1nyba szavazni \u2013 az a demokratikus l\u00e9t v\u00e9ge. Ezt nem szeretn\u00e9nk.<\/span><\/span><\/span><\/p>\n<p align=\"left\"><span style=\"color: #000000;\"><span style=\"font-family: Liberation Serif, serif;\"><span style=\"font-size: medium;\">Ha folytatj\u00e1k az antidemokratikus t\u00f6rekv\u00e9seket, akkor sz\u00e9t fog hullani a mostani EU. Id\u0151ben kellene rendbe tenni dolgainkat. Egy minden orsz\u00e1g egy\u00e9ni \u00e9rdekei figyelembe vev\u0151 k\u00f6z\u00f6s \u00e9rdekrendszeren nyugv\u00f3 Eur\u00f3p\u00e1ra van sz\u00fcks\u00e9g. Fel lehetne \u00e1ll\u00edtani egy k\u00f6z\u00f6s EU hadsereget is, amely a nemzeti hadseregek mellett v\u00e9dhetn\u00e9 Eur\u00f3p\u00e1t.<\/span><\/span><\/span><\/p>\n<p align=\"left\"><span style=\"color: #000000;\"><span style=\"font-family: Liberation Serif, serif;\"><span style=\"font-size: medium;\">\u00dajuljon meg kontinens\u00fcnk \u00e9s \u00e9lvezz\u00fck a soksz\u00edn\u0171 nemzeti kult\u00far\u00e1inkb\u00f3l (nincs itt helye az \u00e9letidegen, h\u00edvatlan \u00e9s beilleszkedni nem akar\u00f3 idegen t\u00f6megeknek) \u00f6ssze\u00e1ll\u00f3 sz\u00e9p nagy k\u00f6z\u00f6ss\u00e9get!<\/span><\/span><\/span><\/p>\n<p align=\"left\">\n","protected":false},"excerpt":{"rendered":"<p>Egy minden orsz\u00e1g egy\u00e9ni \u00e9rdekeit figyelembe vev\u0151 k\u00f6z\u00f6s \u00e9rdekrendszeren nyugv\u00f3 Eur\u00f3p\u00e1ra van sz\u00fcks\u00e9g. De egy Eur\u00f3pai Egyes\u00fclt \u00c1llamoknak nincs l\u00e9tjogosults\u00e1ga. Ha az ut\u00f3bbi terv (olvasd: k\u00e9nyszerk\u00e9pzet) p\u00e1rtol\u00f3i m\u00e9gis minden aron&hellip;<\/p>\n","protected":false},"author":16,"featured_media":4282,"comment_status":"open","ping_status":"open","sticky":false,"template":"","format":"standard","meta":{"_eb_attr":"","footnotes":""},"categories":[114],"tags":[],"class_list":["post-4270","post","type-post","status-publish","format-standard","has-post-thumbnail","hentry","category-magyar"],"_links":{"self":[{"href":"https:\/\/www.uudistekeskus.ee\/index.php?rest_route=\/wp\/v2\/posts\/4270","targetHints":{"allow":["GET"]}}],"collection":[{"href":"https:\/\/www.uudistekeskus.ee\/index.php?rest_route=\/wp\/v2\/posts"}],"about":[{"href":"https:\/\/www.uudistekeskus.ee\/index.php?rest_route=\/wp\/v2\/types\/post"}],"author":[{"embeddable":true,"href":"https:\/\/www.uudistekeskus.ee\/index.php?rest_route=\/wp\/v2\/users\/16"}],"replies":[{"embeddable":true,"href":"https:\/\/www.uudistekeskus.ee\/index.php?rest_route=%2Fwp%2Fv2%2Fcomments&post=4270"}],"version-history":[{"count":11,"href":"https:\/\/www.uudistekeskus.ee\/index.php?rest_route=\/wp\/v2\/posts\/4270\/revisions"}],"predecessor-version":[{"id":4283,"href":"https:\/\/www.uudistekeskus.ee\/index.php?rest_route=\/wp\/v2\/posts\/4270\/revisions\/4283"}],"wp:featuredmedia":[{"embeddable":true,"href":"https:\/\/www.uudistekeskus.ee\/index.php?rest_route=\/wp\/v2\/media\/4282"}],"wp:attachment":[{"href":"https:\/\/www.uudistekeskus.ee\/index.php?rest_route=%2Fwp%2Fv2%2Fmedia&parent=4270"}],"wp:term":[{"taxonomy":"category","embeddable":true,"href":"https:\/\/www.uudistekeskus.ee\/index.php?rest_route=%2Fwp%2Fv2%2Fcategories&post=4270"},{"taxonomy":"post_tag","embeddable":true,"href":"https:\/\/www.uudistekeskus.ee\/index.php?rest_route=%2Fwp%2Fv2%2Ftags&post=4270"}],"curies":[{"name":"wp","href":"https:\/\/api.w.org\/{rel}","templated":true}]}}