{"id":4267,"date":"2026-09-02T11:58:59","date_gmt":"2026-09-02T08:58:59","guid":{"rendered":"https:\/\/www.uudistekeskus.ee\/?p=4267"},"modified":"2026-09-02T11:58:59","modified_gmt":"2026-09-02T08:58:59","slug":"tarkusepaeval-tarkuseta","status":"publish","type":"post","link":"https:\/\/www.uudistekeskus.ee\/?p=4267","title":{"rendered":"Tarkusep\u00e4eval tarkuseta"},"content":{"rendered":"<p class=\"v1MsoNormal_mr_css_attr\"><span lang=\"ET\">T\u00e4na, augusti viimasel p\u00e4eval, on paljudes peredes kiire. Vaja on valmis panna koolikotid, et seal ei puuduks \u00fckski vajalik raamat ega vihik. Algab uus kooliaasta, ent kahjuks on sellel algusel arvukate perede jaoks juures kibe maik, sest paljud \u00f5pilased ei teadnud viimase hetkeni, millises koolis oma haridusteed alustavad v\u00f5i kus seda j\u00e4tkavad. Ministeerium, mis eelmise \u00f5ppeaasta l\u00f5pul korraldas paraja segaduse eksamite hindamisel, on n\u00fc\u00fcd koos omavalitsustega j\u00e4nnis lastele aegsasti kodul\u00e4hedase kooli m\u00e4\u00e4ramisega. Aga keda huvitab, sest ajaloo madalaima toetusega valitsuses haridusministri koha haaranud Kristina Kallas tegeleb sujuva kooliaasta alguse ettevalmistamise asemel pigem oma h\u00e4stitasustatud ameti kindlustamisega v\u00e4hemalt j\u00e4rgmiste valimisteni. Perede mure j\u00e4tab ta k\u00fclmaks, sest ministeerium on ju teinud k\u00f5ik endast oleneva. Nii ta v\u00e4hemalt r\u00e4\u00e4gib, endal n\u00e4ol \u00fcleolev muie, otsekui kodut\u00f6\u00f6 tegemata j\u00e4tnud j\u00f5mpsikal, kes suurep\u00e4raselt teab, et \u00f5petaja ei tohi seda talle pahaks panna, kuna v\u00e4ga pinda k\u00e4ies v\u00f5ib sattuda lastekaitse huviorbiiti ja t\u00fchistajate netilehele.<\/span><\/p>\n<p class=\"v1MsoNormal_mr_css_attr\"><b><span lang=\"ET\">Segi nagu puder ja kapsad<\/span><\/b><\/p>\n<p class=\"v1MsoNormal_mr_css_attr\"><span lang=\"ET\">Koolis, kus veel m\u00f5ni aeg tagasi l\u00e4htuti traditsioonide ja innovatsiooni tasakaalust, valitseb samasugune peataolek nagu haridusministri kabinetis. Eelmise \u00f5ppeaasta jooksul on korduvalt muudetud koolip\u00e4eva algusaega ja vaheagade algust ning kestvust. Laste hinges segaduse k\u00fclvamiseks on klassidesse paisatud silmist v\u00e4lke pilduvad pr\u00f6\u00f6kavad \u00f5iguslased, kes jutustavad lastele hirmujudinaid tekitavalt v\u00e4givaldseid muinasjutte sajast soost ning v\u00e4\u00e4navad rahvusluse m\u00f5tet ajalooliseks igandiks.<\/span><\/p>\n<p class=\"v1MsoNormal_mr_css_attr\"><span lang=\"ET\">Selles pealet\u00fckkivas segaduses on kannatajaks lapsed, kes l\u00f6\u00f6vad \u00f5ppimisele k\u00e4ega, aga ka ausa meele s\u00e4ilitanud \u00f5petajad, keda bre\u017enevilikku ideoloogiat meenutav liberaalsete v\u00e4\u00e4rtuste pealetung ei luba lastele normaalselt haridust anda. Pole siis ime, kui laste hulgas kasvab vaimne tasakaalutus, levivad v\u00e4givaldsed m\u00f5ttemallid ja kannatab tervis. \u00d5pilaste ebakindel olukord v\u00f5tab pinna \u00f5petajate jalge alt ning nad kaotavad motivatsiooni, sest aine \u00f5petamise asemel peab aitama omandada teise emakeelega lastel eesti keelt ja kuulutama f\u00fc\u00fcsika ja matemaatika tundides liberaalseid t\u00f5desid, millesse \u00fckski t\u00e4ie m\u00f5istusega inimene, saati siis austatud pedagoogid, ei usu.<\/span><\/p>\n<p class=\"v1MsoNormal_mr_css_attr\"><span lang=\"ET\">T\u00e4nu ministeeriumi segastele juhistele \u00f5ppet\u00f6\u00f6 korraldamisel venivad laste koolip\u00e4evad pikaks, kodustele \u00fclesannetele tuleb aga p\u00fchendada ebaloomulikult palju aega, sest tunnis ei j\u00f5udnud \u00f5petaja teemat l\u00f5puni lahti r\u00e4\u00e4kida, kuna pidi tegelema sootuks k\u00f5rvaliste \u00fclesannetega. Lapsed on v\u00e4sinud, tusased ning t\u00f5mbuvad vaimselt kaitsesse, sest t\u00e4di haridusminister soovis end oma ametis t\u00f5estada, ent kui kavandatud uuenduste virr-varr kolinal l\u00e4bi kukkus, peavad selle eest maksma lapsed ja pedagoogid, mitte pahatahtlikult oma v\u00f5imekust \u00fcle hinnanud poliitik ja tema truualamlikud alluvad.<\/span><\/p>\n<p class=\"v1MsoNormal_mr_css_attr\"><b><span lang=\"ET\">AI v\u00f5tab viimase<\/span><\/b><\/p>\n<p class=\"v1MsoNormal_mr_css_attr\"><span lang=\"ET\">Nagu hingetutest poliitm\u00e4ngudest veel v\u00e4he, tuuakse koolis p\u00fc\u00fcnele AI, see imeline riistaju, mis sajandi madalama reitinguga peaministri Michali hinnangul viib Eesti helgesse tulevikku. Mis toimub aga tegelikult? Vanemad inimesed m\u00e4letavad veel aega, kui peast arvutamine oli koolis a ja o. Siis ilmusid taskukalkulaatorid, mis selle oskuse nullisid. Sama juhtub m\u00f5tlemisega laiemalt, kui AI koolis valimatult ohjad enda k\u00e4tte haarab. Milleks enam \u00f5ppida fakte, kui AI otsib need sekundi murdosaga v\u00e4lja? Sealt edasi tuleb juba j\u00e4rgmine aste, kus ainult loll kirjutab ise kirjandeid v\u00f5i uurimusi, sest hea s\u00f5ber AI saab tekstidega kiirelt ja vaevata hakkama. Lastel ja noortel kaob vajadus \u00f5ppida, sest masin asjatab nende eest. Edasi kaob ka igasugune vajadus ise seoseid otsida ning leida ja l\u00f5puks ka iseseisvalt m\u00f5elda, sest meie sajandi s\u00fcdametunnistus ning au ja uhkus, surematu Tehisintellekt, teeb seda meie eest.<\/span><\/p>\n<p class=\"v1MsoNormal_mr_css_attr\"><span lang=\"ET\">Oleks viimane aeg AI pealtung koolides peatada, ent v\u00e4hemusvalitsuse kurikavalad plaanid n\u00e4evad ette just vastupidist, sest rahvas on loll ja ei tea, mis neile hea, ehk tsiteerides Kristina Kallast, j\u00e4\u00e4gu eestlastele nende kannel ja pastlad. Sellise suhtumisega aga Eesti kooli \u00fcles ei ehita.<\/span><\/p>\n<p class=\"v1MsoNormal_mr_css_attr\"><b><span lang=\"ET\">Raha pole, ega tule<\/span><\/b><\/p>\n<p class=\"v1MsoNormal_mr_css_attr\"><span lang=\"ET\">Hariduse k\u00e4ttesaadavus ja kvaliteet on viimastel aastatel l\u00f6\u00f6gi all, ent hammastega oma toolidest kinni hoidval valitsusel on plaanis segadust haridusvallas veelgi suurendada. Kui m\u00f5ne aja eest muudeti problemaatiliseks laste teatri ja muuseumik\u00fclastused, keelates vanemate poolse finantseerimise, samas koolidele tunniv\u00e4listeks tegevusteks raha juurde andmata, siis n\u00fc\u00fcd \u00fcritatakse uues eelarves haridusele ja teadusele m\u00f5eldud finantseeringuid veelgi kokku t\u00f5mmata. Teisalt on antud juhis kohalike v\u00e4ikekoolide sulgemiseks, mis veelgi kiirendab maapiirkondade t\u00fchjenemist, sest kaua sa last ikka k\u00fcmnete kilomeetrite kaugusel asuvasse kooli saadad. See, kuidas haridusasutuste sulgemine ja kohapealsete teenuste kokkukuivamine m\u00f5jub riigi kaitsev\u00f5imele, meie s\u00f5nades s\u00f5jakat valitsust ei huvita.<\/span><\/p>\n<p class=\"v1MsoNormal_mr_css_attr\"><b><span lang=\"ET\">Kasvab v\u00e4givaldsus<\/span><\/b><\/p>\n<p class=\"v1MsoNormal_mr_css_attr\"><span lang=\"ET\">Segadus ja v\u00f5\u00f5rdumine haridusvallas toidab laste v\u00e4givaldset k\u00e4itumist. Tajudes, kuidas tegelikkuses puuduvad vahendid ja soov ennetada nende k\u00e4itumises v\u00e4givaldsete mustrite kujunemist, s\u00fclitavad noored seaduskuulekusele ning otsivad viieteistk\u00fcmne minuti kuulsust Tik-Tokki \u00fcles riputatud tapmis- ja piinamisvideotes, sest kuulsuseiha ei k\u00fcsi vahenditest. Et koolis v\u00f5id \u00f5petaja ilma karistuseta pikalt saata ja kui viimane julgeb sinu tegevust m\u00f5ne k\u00f5va s\u00f5naga kritiseerida, siis vanemad tolle totaka \u00f5psi paikapanekuks appi kutsuda, siis miks ei saa sama teha n\u00f5rgemate kaaskodanike ja l\u00f5puks ka politsei kallal? Ja nii tekivad karistamatud kambad, mis vallutavad Tallinna parke ja Viimsi kandi m\u00e4eveerusid. Kasvamas on terve p\u00f5lvkond tegelasi, kes l\u00e4htuvad tarkusest, et rusikas paneb paika, kellel on \u00f5igus.<\/span><\/p>\n<p class=\"v1MsoNormal_mr_css_attr\"><b><span lang=\"ET\">Pole lapsi, pole probleeme<\/span><\/b><\/p>\n<p class=\"v1MsoNormal_mr_css_attr\"><span lang=\"ET\">Ei saa unustada sedagi, et homme alustavad kooliteed \u00f5pilased paljulapselistest peredest ja \u00fcksikvanemate lapsed, kellel tihti on puudus k\u00f5ige elementaarsemast, toidust ja riietest. Ka nende laste peale on valitsus uues eelarves m\u00f5elnud, k\u00e4rpides vahendeid toimetulekuraskustes perede toetamiseks, sest mis pagana lasterikkus! Michali valitsuse k\u00e4pardlikkus on v\u00e4hendanud s\u00fcndide arvu enam kui kolmandiku. See on trend, mida v\u00f5imulolevad erakonnad tervitavad, sest nii kahaneb l\u00e4hitulevikus \u00f5pilaste arv ja v\u00f5ib sulgeda \u00fcha uusi koole. Pole lapsi, pole probleeme.<\/span><\/p>\n<p class=\"v1MsoNormal_mr_css_attr\"><span lang=\"ET\">Kui eelnev tundub liialt mustades v\u00e4rvides, siis kahjuks pole v\u00e4hemalt j\u00e4rgmise aasta m\u00e4rtsini v\u00f5imalik hariduselus helgemaid toone leida. Eesti keelele \u00fclemineku sildi all on koolis viidud l\u00e4bi oskamatult planeeritud muutusi, mis juba hakkavad peegelduma laste \u00f5pitahtes. Ainus, millele loota, on v\u00f5imalus, et selle \u00f5ppeaasta viimane veerand toimub juba uutes oludes, kus ministriks m\u00f5ni t\u00f5esti lastest ja koolist hooliv haridusliku taustaga inimene, mitte vinduvast vihast vahutav poliitik. Seni j\u00e4\u00e4b \u00fcle vaid soovida, et k\u00f5rgem j\u00f5ud kaitseks lapsi, \u00f5petajaid ja vanemaid. Olge hoitud, noored, kes te asute koolipinki t\u00f5elise sooviga \u00f5ppida ning targaks saada!<\/span><\/p>\n","protected":false},"excerpt":{"rendered":"<p>T\u00e4na, augusti viimasel p\u00e4eval, on paljudes peredes kiire. Vaja on valmis panna koolikotid, et seal ei puuduks \u00fckski vajalik raamat ega vihik. Algab uus kooliaasta, ent kahjuks on sellel algusel&hellip;<\/p>\n","protected":false},"author":6,"featured_media":3135,"comment_status":"open","ping_status":"open","sticky":false,"template":"","format":"standard","meta":{"_eb_attr":"","footnotes":""},"categories":[16],"tags":[],"class_list":["post-4267","post","type-post","status-publish","format-standard","has-post-thumbnail","hentry","category-arvamus"],"_links":{"self":[{"href":"https:\/\/www.uudistekeskus.ee\/index.php?rest_route=\/wp\/v2\/posts\/4267","targetHints":{"allow":["GET"]}}],"collection":[{"href":"https:\/\/www.uudistekeskus.ee\/index.php?rest_route=\/wp\/v2\/posts"}],"about":[{"href":"https:\/\/www.uudistekeskus.ee\/index.php?rest_route=\/wp\/v2\/types\/post"}],"author":[{"embeddable":true,"href":"https:\/\/www.uudistekeskus.ee\/index.php?rest_route=\/wp\/v2\/users\/6"}],"replies":[{"embeddable":true,"href":"https:\/\/www.uudistekeskus.ee\/index.php?rest_route=%2Fwp%2Fv2%2Fcomments&post=4267"}],"version-history":[{"count":1,"href":"https:\/\/www.uudistekeskus.ee\/index.php?rest_route=\/wp\/v2\/posts\/4267\/revisions"}],"predecessor-version":[{"id":4268,"href":"https:\/\/www.uudistekeskus.ee\/index.php?rest_route=\/wp\/v2\/posts\/4267\/revisions\/4268"}],"wp:featuredmedia":[{"embeddable":true,"href":"https:\/\/www.uudistekeskus.ee\/index.php?rest_route=\/wp\/v2\/media\/3135"}],"wp:attachment":[{"href":"https:\/\/www.uudistekeskus.ee\/index.php?rest_route=%2Fwp%2Fv2%2Fmedia&parent=4267"}],"wp:term":[{"taxonomy":"category","embeddable":true,"href":"https:\/\/www.uudistekeskus.ee\/index.php?rest_route=%2Fwp%2Fv2%2Fcategories&post=4267"},{"taxonomy":"post_tag","embeddable":true,"href":"https:\/\/www.uudistekeskus.ee\/index.php?rest_route=%2Fwp%2Fv2%2Ftags&post=4267"}],"curies":[{"name":"wp","href":"https:\/\/api.w.org\/{rel}","templated":true}]}}