{"id":3829,"date":"2026-04-29T18:03:32","date_gmt":"2026-04-29T15:03:32","guid":{"rendered":"https:\/\/www.uudistekeskus.ee\/?p=3829"},"modified":"2026-04-29T18:03:32","modified_gmt":"2026-04-29T15:03:32","slug":"mario-maripuu-uks-pohjus-miks-peavool-ei-raagi-tottone-reason-why-the-mainstream-doesnt-tell-the-truth","status":"publish","type":"post","link":"https:\/\/www.uudistekeskus.ee\/?p=3829","title":{"rendered":"Mario Maripuu: \u00dcks p\u00f5hjus, miks peavool ei r\u00e4\u00e4gi t\u00f5tt***One Reason Why the Mainstream Doesn\u2019t Tell the Truth"},"content":{"rendered":"<p data-start=\"138\" data-end=\"539\">Rahvas on juba pikalt kirunud, et Eesti peavoolumeedia pole adekvaatne ning levitab \u00fcsna palju propagandistlikku infot. Olen ise m\u00f5elnud, et n\u00e4iteks drooniintsidentidest ning Venemaa ohust r\u00e4\u00e4gitakse \u00fcsna neutraalselt. Parteid hoiavad s\u00f5jahirmu \u00fcleval, kuna see on neile kasulik, kuid uudised ei kajasta tegelikult reaalset julgeolekuolukorda, vaid rahvani tuuakse stratcom\u2019i poolt l\u00e4bi seeditud info.<\/p>\n<p data-start=\"541\" data-end=\"816\">P\u00f5hjus, miks Eestimaa inimesi hoitakse infosulus kuni viimase hetkeni, on v\u00e4ga lihtne: rahva koost\u00f6\u00f6v\u00f5ime on suhteliselt nullil\u00e4hedane ning v\u00e4ga paljud ei ole n\u00f5us selle valitsuse ja riigi eest s\u00f5dima. Et inimesed riigist minema ei jookseks, ei r\u00e4\u00e4gita ka uudistes kogu t\u00f5de.<\/p>\n<p data-start=\"818\" data-end=\"924\" data-is-last-node=\"\" data-is-only-node=\"\">\u2014 Mario Maripuu<br data-start=\"833\" data-end=\"836\" \/><a class=\"decorated-link\" href=\"http:\/\/www.eestieest.com\/\" target=\"_new\" rel=\"noopener\" data-start=\"836\" data-end=\"853\">www.eestieest.com<\/a> toimetaja ja saatejuht,<br data-start=\"877\" data-end=\"880\" \/>R\u00f5dali kihelkonna taasasutajaliige, l\u00e4\u00e4nlane<\/p>\n<p data-start=\"818\" data-end=\"924\" data-is-last-node=\"\" data-is-only-node=\"\">***<\/p>\n<p data-start=\"153\" data-end=\"638\">People have long been complaining that Estonia\u2019s mainstream media is not adequate and spreads quite a lot of propagandistic information. I have also thought that, for example, drone incidents and the threat from Russia are discussed in a rather neutral tone. Political parties keep the fear of war alive because it benefits them, but the news does not actually reflect the real security situation\u2014instead, the public is fed pre-processed information shaped by strategic communications.<\/p>\n<p data-start=\"640\" data-end=\"966\">The reason why the people of Estonia are kept in an information blackout until the last moment is very simple: the population\u2019s ability to cooperate is relatively close to zero, and many are not willing to fight for this government and state. To prevent people from leaving the country, the full truth is not told in the news.<\/p>\n<p data-start=\"968\" data-end=\"1085\" data-is-last-node=\"\" data-is-only-node=\"\">\u2014 Mario Maripuu<br data-start=\"983\" data-end=\"986\" \/>Editor and host at <a class=\"decorated-link\" href=\"http:\/\/www.eestieest.com\/\" target=\"_new\" rel=\"noopener\" data-start=\"1005\" data-end=\"1022\">www.eestieest.com<\/a><br data-start=\"1022\" data-end=\"1025\" \/>Member of the re-establishment of R\u00f5dali parish, a Westerner<\/p>\n","protected":false},"excerpt":{"rendered":"<p>Rahvas on juba pikalt kirunud, et Eesti peavoolumeedia pole adekvaatne ning levitab \u00fcsna palju propagandistlikku infot. Olen ise m\u00f5elnud, et n\u00e4iteks drooniintsidentidest ning Venemaa ohust r\u00e4\u00e4gitakse \u00fcsna neutraalselt. Parteid hoiavad&hellip;<\/p>\n","protected":false},"author":15,"featured_media":3830,"comment_status":"open","ping_status":"open","sticky":false,"template":"","format":"image","meta":{"_eb_attr":"","footnotes":""},"categories":[16],"tags":[],"class_list":["post-3829","post","type-post","status-publish","format-image","has-post-thumbnail","hentry","category-arvamus","post_format-post-format-image"],"_links":{"self":[{"href":"https:\/\/www.uudistekeskus.ee\/index.php?rest_route=\/wp\/v2\/posts\/3829","targetHints":{"allow":["GET"]}}],"collection":[{"href":"https:\/\/www.uudistekeskus.ee\/index.php?rest_route=\/wp\/v2\/posts"}],"about":[{"href":"https:\/\/www.uudistekeskus.ee\/index.php?rest_route=\/wp\/v2\/types\/post"}],"author":[{"embeddable":true,"href":"https:\/\/www.uudistekeskus.ee\/index.php?rest_route=\/wp\/v2\/users\/15"}],"replies":[{"embeddable":true,"href":"https:\/\/www.uudistekeskus.ee\/index.php?rest_route=%2Fwp%2Fv2%2Fcomments&post=3829"}],"version-history":[{"count":1,"href":"https:\/\/www.uudistekeskus.ee\/index.php?rest_route=\/wp\/v2\/posts\/3829\/revisions"}],"predecessor-version":[{"id":3831,"href":"https:\/\/www.uudistekeskus.ee\/index.php?rest_route=\/wp\/v2\/posts\/3829\/revisions\/3831"}],"wp:featuredmedia":[{"embeddable":true,"href":"https:\/\/www.uudistekeskus.ee\/index.php?rest_route=\/wp\/v2\/media\/3830"}],"wp:attachment":[{"href":"https:\/\/www.uudistekeskus.ee\/index.php?rest_route=%2Fwp%2Fv2%2Fmedia&parent=3829"}],"wp:term":[{"taxonomy":"category","embeddable":true,"href":"https:\/\/www.uudistekeskus.ee\/index.php?rest_route=%2Fwp%2Fv2%2Fcategories&post=3829"},{"taxonomy":"post_tag","embeddable":true,"href":"https:\/\/www.uudistekeskus.ee\/index.php?rest_route=%2Fwp%2Fv2%2Ftags&post=3829"}],"curies":[{"name":"wp","href":"https:\/\/api.w.org\/{rel}","templated":true}]}}