{"id":3813,"date":"2026-04-26T14:21:48","date_gmt":"2026-04-26T11:21:48","guid":{"rendered":"https:\/\/www.uudistekeskus.ee\/?p=3813"},"modified":"2026-04-26T14:21:48","modified_gmt":"2026-04-26T11:21:48","slug":"viktor-orban-loobub-oma-saadikukohast-ungari-parlamendis","status":"publish","type":"post","link":"https:\/\/www.uudistekeskus.ee\/?p=3813","title":{"rendered":"Viktor Orb\u00e1n loobub oma saadikukohast Ungari parlamendis"},"content":{"rendered":"<p class=\"western\" align=\"left\"><span style=\"color: #000000;\"><span lang=\"et-EE\"><b>Ungari peaminister Viktor <\/b><\/span><span lang=\"et-EE\"><b>Orb<\/b><\/span><span lang=\"et-EE\"><b>\u00e1<\/b><\/span><span lang=\"et-EE\"><b>n<\/b><\/span><span lang=\"et-EE\"><b> loobub oma saadikukohast Ungari parlamendi uues koosseisus, kuid j\u00e4\u00e4b poliitikasse edasi, teatas 25. aprillil 2026 Ungari ajakirjandus.<\/b><\/span><\/span><\/p>\n<p class=\"western\" align=\"left\"><span style=\"color: #000000;\"><span lang=\"et-EE\"><b>Viktor Orb<\/b><\/span><span lang=\"et-EE\"><b>\u00e1<\/b><\/span><span lang=\"et-EE\"><b>n<\/b><\/span><span lang=\"et-EE\"> teatas oma sellealasest otsusest samal p\u00e4eval \u201eFacebookis\u201d avaldatud videos. Ta p\u00f5hjendas seda sellega, et teda on praegu rohkem vaja Ungari rahvuslaste reorganiseerijana kui parlamendiliikmena. <\/span><\/span><\/p>\n<p class=\"western\" align=\"left\"><span style=\"color: #000000;\"><span lang=\"et-EE\">Orb<\/span><span lang=\"et-EE\">\u00e1<\/span><span lang=\"et-EE\">n<\/span><span lang=\"et-EE\"> lisas, et on meeleldi valmis j\u00e4tkama erakonna esimehena, kui saab \u00fcldkogul erakonnakaaslastelt selleks volituse. Ta koduerakond Noorte Demokraatide Liit (ungari k. <\/span><span lang=\"et-EE\"><i>Fiatal<\/i><\/span> <span lang=\"et-EE\"><i>Demokrat<\/i><\/span><span lang=\"et-EE\"><i>\u00e1<\/i><\/span><span lang=\"et-EE\"><i>k<\/i><\/span> <span lang=\"et-EE\"><i>Sz\u00f6vets\u00e9ge<\/i><\/span><span lang=\"et-EE\">, l\u00fch. FIDESZ) korraldab oma volikogu juba tuleval n\u00e4dalal, \u00fcldkogu aga juunis (algselt kavandatud s\u00fcgise asemel).<\/span><\/span><\/p>\n<p class=\"western\" align=\"left\"><span style=\"color: #000000;\"><span lang=\"et-EE\">Orb<\/span><span lang=\"et-EE\">\u00e1<\/span><span lang=\"et-EE\">n<\/span><span lang=\"et-EE\"> on valitud Ungari parlamenti alates 1990. aastast k\u00f5igil parlamendivalimistel, s.h. ka t\u00e4navu 12. aprillil toimunud valimistel. Aastail 1998\u20132002 ja 2010\u20132026 oli peaminister. FIDESZ-i esimees 18. aprillist 1993 kuni 29. jaanuarini 2000 ning uuesti 17. maist 2003 kuni praeguseni.<\/span><\/span><\/p>\n<hr \/>\n<p class=\"western\" align=\"left\"><span style=\"color: #000000;\"><strong>Allikad:<\/strong><\/span><\/p>\n<p align=\"left\"><span style=\"color: #000000;\"><strong>1)<\/strong> https:\/\/www.vg.hu\/kozelet\/2026\/04\/orban-viktor-mandatum-fidesz<\/span><\/p>\n<p align=\"left\"><span style=\"color: #000000;\"><strong>2)<\/strong> https:\/\/mandiner.hu\/belfold\/2026\/04\/orban-viktor-keszul-letfontossagu-bejelentest-tesz-a-fidesz-jovojerol<\/span><\/p>\n<p align=\"left\"><span style=\"color: #000000;\"><strong>3)<\/strong> https:\/\/www.origo.hu\/belpol\/2026\/04\/orban-viktor-visszaadta-parlamenti-mandatumat-ujjaszervezi-a-partot<\/span><\/p>\n<p align=\"left\"><span style=\"color: #000000;\"><strong>4)<\/strong> https:\/\/magyarnemzet.hu\/belfold\/2026\/04\/hamarosan-a-megujulasrol-es-jovorol-fog-beszelni-orban-viktor<\/span><\/p>\n<p align=\"left\"><span style=\"color: #000000;\"><strong>5)<\/strong> https:\/\/kuruc.info\/r\/2\/301350\/<\/span><\/p>\n<p align=\"left\"><span style=\"color: #000000;\"><strong>6)<\/strong> https:\/\/www.hirek.sk\/hethatar\/gyorshir-orban-viktor-visszaadja-mandatumat<\/span><\/p>\n<p align=\"left\"><span style=\"color: #000000;\"><strong>7)<\/strong> https:\/\/www.magyarszo.rs\/kozelet\/kitekinto\/a.351236\/Orban-Viktor-visszaadja-mandatumat-Gulyas-Gergely-lesz-a-Fidesz-frakciovezetoje<\/span><\/p>\n<p align=\"left\"><span style=\"color: #000000;\"><strong>8)<\/strong> https:\/\/vtr.valasztas.hu\/ogy2026\/jelolo-szervezetek\/jeloltek\/950324?maz=01<\/span><\/p>\n<p align=\"left\"><span style=\"color: #000000;\"><strong>9)<\/strong> https:\/\/en.wikipedia.org\/wiki\/Fidesz<\/span><\/p>\n","protected":false},"excerpt":{"rendered":"<p>Ungari peaminister Viktor Orb\u00e1n loobub oma saadikukohast Ungari parlamendi uues koosseisus, kuid j\u00e4\u00e4b poliitikasse edasi, teatas 25. aprillil 2026 Ungari ajakirjandus. Viktor Orb\u00e1n teatas oma sellealasest otsusest samal p\u00e4eval \u201eFacebookis\u201d&hellip;<\/p>\n","protected":false},"author":4,"featured_media":3814,"comment_status":"open","ping_status":"open","sticky":false,"template":"","format":"standard","meta":{"_eb_attr":"","footnotes":""},"categories":[7],"tags":[],"class_list":["post-3813","post","type-post","status-publish","format-standard","has-post-thumbnail","hentry","category-uudised"],"_links":{"self":[{"href":"https:\/\/www.uudistekeskus.ee\/index.php?rest_route=\/wp\/v2\/posts\/3813","targetHints":{"allow":["GET"]}}],"collection":[{"href":"https:\/\/www.uudistekeskus.ee\/index.php?rest_route=\/wp\/v2\/posts"}],"about":[{"href":"https:\/\/www.uudistekeskus.ee\/index.php?rest_route=\/wp\/v2\/types\/post"}],"author":[{"embeddable":true,"href":"https:\/\/www.uudistekeskus.ee\/index.php?rest_route=\/wp\/v2\/users\/4"}],"replies":[{"embeddable":true,"href":"https:\/\/www.uudistekeskus.ee\/index.php?rest_route=%2Fwp%2Fv2%2Fcomments&post=3813"}],"version-history":[{"count":1,"href":"https:\/\/www.uudistekeskus.ee\/index.php?rest_route=\/wp\/v2\/posts\/3813\/revisions"}],"predecessor-version":[{"id":3815,"href":"https:\/\/www.uudistekeskus.ee\/index.php?rest_route=\/wp\/v2\/posts\/3813\/revisions\/3815"}],"wp:featuredmedia":[{"embeddable":true,"href":"https:\/\/www.uudistekeskus.ee\/index.php?rest_route=\/wp\/v2\/media\/3814"}],"wp:attachment":[{"href":"https:\/\/www.uudistekeskus.ee\/index.php?rest_route=%2Fwp%2Fv2%2Fmedia&parent=3813"}],"wp:term":[{"taxonomy":"category","embeddable":true,"href":"https:\/\/www.uudistekeskus.ee\/index.php?rest_route=%2Fwp%2Fv2%2Fcategories&post=3813"},{"taxonomy":"post_tag","embeddable":true,"href":"https:\/\/www.uudistekeskus.ee\/index.php?rest_route=%2Fwp%2Fv2%2Ftags&post=3813"}],"curies":[{"name":"wp","href":"https:\/\/api.w.org\/{rel}","templated":true}]}}