{"id":3430,"date":"2026-01-23T20:56:22","date_gmt":"2026-01-23T18:56:22","guid":{"rendered":"https:\/\/www.uudistekeskus.ee\/?p=3430"},"modified":"2026-01-23T20:56:22","modified_gmt":"2026-01-23T18:56:22","slug":"hanyatt-homlok-raeroszakolni-a-jot-gronland-oslakosaira-vagy-a-hoditokra","status":"publish","type":"post","link":"https:\/\/www.uudistekeskus.ee\/?p=3430","title":{"rendered":"Hanyatt-homlok r\u00e1er\u0151szakolni a j\u00f3t \u2013 Gr\u00f6nland \u0151slakosaira vagy a h\u00f3d\u00edt\u00f3kra?"},"content":{"rendered":"<p><span style=\"color: #000000;\"><b>A gr\u00f6nlandi eset k\u00f6r\u00fcli v\u00e9szki\u00e1lt\u00e1sok felt\u00e1rt\u00e1k a sir\u00e1nkoz\u00f3k sz\u00e9ls\u0151s\u00e9ges k\u00e9pmutat\u00e1s\u00e1t.<\/b><\/span><\/p>\n<p><span style=\"color: #000000;\">Szinte lehetetlen er\u0151szakkal j\u00f3t tenni valakivel. Azonban teljesen lehetetlen, ha nem tudod pontosan, <b>egy\u00e1ltal\u00e1n <\/b><b>kivel<\/b> akarsz j\u00f3t tenni.<\/span><\/p>\n<p><span style=\"color: #000000;\">A gr\u00f6nlandi eset ezt vil\u00e1gosan mutatja. K\u00fcl\u00f6n\u00f6sen az ut\u00f3bbi hetekben nyilv\u00e1nultak meg hatalmas sz\u00e1mban \u00f6njel\u00f6lt Gr\u00f6nland-bar\u00e1tok a vil\u00e1g sz\u00e1mos r\u00e9sz\u00e9n. Olyanok, akik \u2013 szavaik szerint \u2013 hevesen meg akarj\u00e1k v\u00e9deni Gr\u00f6nlandot. Nevezetesen az imperialista \u00e9s terjeszked\u0151 Amerikai Egyes\u00fclt \u00c1llamokt\u00f3l, amely hat\u00e1rtalan kapzsis\u00e1g\u00e1ban \u00e9s szemtelens\u00e9g\u00e9ben el akarja nyelni Gr\u00f6nlandot.<\/span><\/p>\n<p><span style=\"color: #000000;\">Sz\u00e1mos t\u00e1mogat\u00f3 nyilatkozat \u00e9rkezett D\u00e1ni\u00e1nak is. Mivel Gr\u00f6nland D\u00e1nia r\u00e9sze. Ezekben a t\u00e1mogat\u00f3 nyilatkozatokban gyakran \u00e1ll\u00edtott\u00e1k, hogy Gr\u00f6nland megszerz\u00e9s\u00e9re v\u00e1gyva az Egyes\u00fclt \u00c1llamok s\u00falyosan megs\u00e9rti a nemzetk\u00f6zi jogot, \u00e9s hogy ha azonnal nem tesznek semmit, a jelenlegi vil\u00e1grend v\u00e9ge, tal\u00e1n m\u00e9g a vil\u00e1gv\u00e9ge is nagyon hamarosan el\u00e9rkezik.<\/span><\/p>\n<p><span style=\"color: #000000;\">\u00c9rdemes itt feltenni a k\u00e9rd\u00e9st: kit v\u00e9denek val\u00f3j\u00e1ban \u2013 D\u00e1ni\u00e1t vagy Gr\u00f6nlandot?<\/span><\/p>\n<p><span style=\"color: #000000;\">\u00c9rdemes feltenni ezt a k\u00e9rd\u00e9st, mert Gr\u00f6nland ugyan d\u00e1n uralom alatt \u00e1ll, de Gr\u00f6nland \u0151slakosai nem d\u00e1nok.<\/span><\/p>\n<p><span style=\"color: #000000;\">A nyugati t\u00e1rsadalomban szok\u00e1s hangs\u00falyozni a t\u0151sgy\u00f6keres n\u00e9pek \u00e9rt\u00e9k\u00e9t \u00e9s v\u00e9delm\u00fcknek sz\u00fcks\u00e9gess\u00e9g\u00e9t. Valamint az \u00f6nrendelkez\u00e9si jogukat is.<\/span><\/p>\n<p><span style=\"color: #000000;\">\u00c9rdekes m\u00f3don Gr\u00f6nland eset\u00e9ben ezt nem teszik meg. Teljesen elfelejtik megeml\u00edteni, hogy az ottani \u0151slakosok \u2013 az eszkim\u00f3k \u2013 <b>er\u0151szakkal<\/b>, azaz akaratuk ellen\u00e9re ker\u00fcltek<\/span> <span style=\"color: #000000;\">d\u00e1n uralom al\u00e1.<\/span><\/p>\n<p><span style=\"color: #000000;\">Azt sem eml\u00edtik, hogy \u2013 m\u00e1s t\u0151sgy\u00f6keres n\u00e9pekhez hasonl\u00f3an \u2013 Gr\u00f6nland \u0151slakosainak is teljes joguk van saj\u00e1t fejl\u0151d\u00e9si \u00fatjuk megv\u00e1laszt\u00e1s\u00e1hoz. Ha az ottani eszkim\u00f3k \u00fagy<\/span> <span style=\"color: #000000;\">tal\u00e1lj\u00e1k, hogy sz\u00e1mukra a legmegfelel\u0151bb fejl\u0151d\u00e9si \u00fat az \u00e1llamis\u00e1g, akkor kinyilv\u00e1n\u00edtj\u00e1k Gr\u00f6nland f\u00fcggetlens\u00e9g\u00e9t. \u00c9s senkinek sincs joga el\u00edtelni ezen l\u00e9p\u00e9s\u00fck\u00e9rt.<\/span><\/p>\n<p><span style=\"color: #000000;\">Ha azonban a gr\u00f6nlandi eszkim\u00f3k \u00fagy tal\u00e1lj\u00e1k, hogy t\u00e1rsadalmuk m\u00e9g nem el\u00e9gg\u00e9 felk\u00e9sz\u00fclt az \u00e1llamis\u00e1gra, de egy m\u00e1sik orsz\u00e1g k\u00f6tel\u00e9k\u00e9be val\u00f3 tartoz\u00e1suk jobb lehet\u0151s\u00e9geket k\u00edn\u00e1l ennek el\u00e9r\u00e9s\u00e9re, akkor teljes joguk van megtenni ezt a l\u00e9p\u00e9st is. \u00c9s ism\u00e9t, Gr\u00f6nlandon k\u00edv\u00fcl senkinek sincs joga el\u00edtelni \u0151ket ez\u00e9rt a l\u00e9p\u00e9s\u00fck\u00e9rt.<\/span><\/p>\n<p><span style=\"color: #000000;\">Ha p\u00e9ld\u00e1ul az Amerikai Egyes\u00fclt \u00c1llamok jobb felt\u00e9teleket tud biztos\u00edtani a gr\u00f6nlandi eszkim\u00f3k fejl\u0151d\u00e9s\u00e9hez, mint amilyeneket D\u00e1nia eddig biztos\u00edtott, akkor teljesen term\u00e9szetes, hogy ezek az eszkim\u00f3k beleegyeznek abba, hogy elhagyj\u00e1k a D\u00e1n Kir\u00e1lys\u00e1got \u00e9s csatlakoznak az Amerikai Egyes\u00fclt \u00c1llamokhoz.<\/span><\/p>\n<p><span style=\"color: #000000;\">A t\u00f6rt\u00e9nelemben sz\u00e1mos besz\u00e9des p\u00e9lda van a j\u00f3 r\u00e1er\u0151szakol\u00e1s\u00e1ra. Csak egy ilyen p\u00e9ld\u00e1t eml\u00edtek itt. A Kuril-szigetek d\u00e9li r\u00e9sz\u00e9nek tulajdonjog\u00e1val kapcsolatban.<\/span><\/p>\n<p><span style=\"color: #000000;\"><b>Egy szembet\u0171n\u0151 p\u00e9lda \u2013 a k\u00e9tsz\u00edn\u0171s\u00e9g az ainukkal szemben<\/b><\/span><\/p>\n<p><span style=\"color: #000000;\">Jap\u00e1nban \u00e9s m\u00e1sutt is sokan nehezm\u00e9nyezt\u00e9k, hogy a Kurilok n\u00e9gy legd\u00e9lebbi sziget\u00e9t a m\u00e1sodik vil\u00e1gh\u00e1bor\u00fa ut\u00e1n elvett\u00e9k Jap\u00e1nt\u00f3l, \u00e9s ma is Oroszorsz\u00e1g r\u00e9szei. Ism\u00e9telten k\u00f6vetelt\u00e9k visszaad\u00e1sukat.<\/span><\/p>\n<p><span style=\"color: #000000;\">Els\u0151 pillant\u00e1sra ez a k\u00f6vetel\u00e9s jogosnak t\u0171nik. Mert a Szovjetuni\u00f3 val\u00f3ban megs\u00e9rtette a nemzetk\u00f6zi jogot, amikor 1945-ben er\u0151szakkal megsz\u00e1llta ezeket a szigeteket, majd k\u00e9s\u0151bb megtagadta azok visszaad\u00e1s\u00e1t.<\/span><\/p>\n<p><span style=\"color: #000000;\">K\u00f6zelebbr\u0151l megvizsg\u00e1lva azonban teljesen m\u00e1s k\u00e9p t\u00e1rul el\u00e9nk. Nevezetesen, ha a k\u00e9rd\u00e9st a szigetek <b>\u0151slakosainak<\/b> szemsz\u00f6g\u00e9b\u0151l n\u00e9zz\u00fck.<\/span><\/p>\n<p><span style=\"color: #000000;\">A Kuril-szigetek \u0151slakosai az ainuk. (Ahogy eg\u00e9sz Jap\u00e1n \u0151slakosai.) A jap\u00e1nok betolakod\u00f3k, h\u00f3d\u00edt\u00f3k ott. Az 1945-\u00f6t megel\u0151z\u0151 \u00e9vtizedekben, a 19. sz\u00e1zadt\u00f3l kezdve, a jap\u00e1n hat\u00f3s\u00e1gok olyan cselekm\u00e9nyeket k\u00f6vettek el az ainu lakoss\u00e1g ellen, amelyeket egyetlen sz\u00f3val lehet le\u00edrni: kiirt\u00e1s. Ha ezek a cselekm\u00e9nyek folytat\u00f3dtak volna, ink\u00e1bb el\u0151bb, mint ut\u00f3bb az ainuk beolvad\u00e1s\u00e1hoz vagy kihal\u00e1sukhoz vezettek volna. Ha Jap\u00e1n gy\u0151z\u00f6tt volna a m\u00e1sodik vil\u00e1gh\u00e1bor\u00faban, \u00e9s a h\u00e1bor\u00fa ut\u00e1n b\u00fcntetlen\u00fcl folytathatta volna h\u00e1bor\u00fa el\u0151tti ainuellenes tev\u00e9kenys\u00e9g\u00e9t, akkor biztosan megtette volna. A nemzetk\u00f6zi jog fogalm\u00e1t haszn\u00e1lva ez a legtiszt\u00e1bb form\u00e1j\u00e1ban n\u00e9pirt\u00e1s volt.<\/span><\/p>\n<p><span style=\"color: #000000;\">\u00cdgy ugyanaz az ellentmond\u00e1s mer\u00fcl fel, mint Gr\u00f6nland eset\u00e9ben: ha j\u00f3t akarsz tenni a <b>h\u00f3d\u00edt\u00f3 \u00e1llammal<\/b> (akivel szemben egy er\u0151sebb \u00e1llam val\u00f3ban megs\u00e9rtette a nemzetk\u00f6zi jogot), akkor a <b>t<\/b><b>\u0151s<\/b><b>gy\u00f6keres<\/b> n\u00e9pnek \u00e1rtasz.<\/span><\/p>\n<p><span style=\"color: #000000;\">Egy kis n\u00e9p k\u00e9pvisel\u0151jek\u00e9nt hat\u00e1rozottan a kuril \u00e9s jap\u00e1n ainuk, valamint a gr\u00f6nlandi eszkim\u00f3k mell\u00e9 \u00e1llok. \u00c9ppen ez\u00e9rt b\u00f6lcs dolog lenne a j\u00f3t r\u00e1er\u0151ltetni akar\u00f3kt\u00f3l, ha a hisz\u00e9kenyek\u00e9rt v\u00e9gezn\u00e9k propagandamunk\u00e1jukat, de engem nagy \u00edvben elker\u00fcln\u00e9nek.<\/span><\/p>\n","protected":false},"excerpt":{"rendered":"<p>A gr\u00f6nlandi eset k\u00f6r\u00fcli v\u00e9szki\u00e1lt\u00e1sok felt\u00e1rt\u00e1k a sir\u00e1nkoz\u00f3k sz\u00e9ls\u0151s\u00e9ges k\u00e9pmutat\u00e1s\u00e1t. Szinte lehetetlen er\u0151szakkal j\u00f3t tenni valakivel. Azonban teljesen lehetetlen, ha nem tudod pontosan, egy\u00e1ltal\u00e1n kivel akarsz j\u00f3t tenni. A gr\u00f6nlandi&hellip;<\/p>\n","protected":false},"author":4,"featured_media":3431,"comment_status":"open","ping_status":"open","sticky":false,"template":"","format":"standard","meta":{"_eb_attr":"","footnotes":""},"categories":[114],"tags":[],"class_list":["post-3430","post","type-post","status-publish","format-standard","has-post-thumbnail","hentry","category-magyar"],"_links":{"self":[{"href":"https:\/\/www.uudistekeskus.ee\/index.php?rest_route=\/wp\/v2\/posts\/3430","targetHints":{"allow":["GET"]}}],"collection":[{"href":"https:\/\/www.uudistekeskus.ee\/index.php?rest_route=\/wp\/v2\/posts"}],"about":[{"href":"https:\/\/www.uudistekeskus.ee\/index.php?rest_route=\/wp\/v2\/types\/post"}],"author":[{"embeddable":true,"href":"https:\/\/www.uudistekeskus.ee\/index.php?rest_route=\/wp\/v2\/users\/4"}],"replies":[{"embeddable":true,"href":"https:\/\/www.uudistekeskus.ee\/index.php?rest_route=%2Fwp%2Fv2%2Fcomments&post=3430"}],"version-history":[{"count":1,"href":"https:\/\/www.uudistekeskus.ee\/index.php?rest_route=\/wp\/v2\/posts\/3430\/revisions"}],"predecessor-version":[{"id":3432,"href":"https:\/\/www.uudistekeskus.ee\/index.php?rest_route=\/wp\/v2\/posts\/3430\/revisions\/3432"}],"wp:featuredmedia":[{"embeddable":true,"href":"https:\/\/www.uudistekeskus.ee\/index.php?rest_route=\/wp\/v2\/media\/3431"}],"wp:attachment":[{"href":"https:\/\/www.uudistekeskus.ee\/index.php?rest_route=%2Fwp%2Fv2%2Fmedia&parent=3430"}],"wp:term":[{"taxonomy":"category","embeddable":true,"href":"https:\/\/www.uudistekeskus.ee\/index.php?rest_route=%2Fwp%2Fv2%2Fcategories&post=3430"},{"taxonomy":"post_tag","embeddable":true,"href":"https:\/\/www.uudistekeskus.ee\/index.php?rest_route=%2Fwp%2Fv2%2Ftags&post=3430"}],"curies":[{"name":"wp","href":"https:\/\/api.w.org\/{rel}","templated":true}]}}