{"id":3050,"date":"2025-10-22T18:37:18","date_gmt":"2025-10-22T15:37:18","guid":{"rendered":"https:\/\/www.uudistekeskus.ee\/?p=3050"},"modified":"2025-10-22T18:37:57","modified_gmt":"2025-10-22T15:37:57","slug":"isamaa-ilu-ja-valu","status":"publish","type":"post","link":"https:\/\/www.uudistekeskus.ee\/?p=3050","title":{"rendered":"Isamaa ilu ja valu"},"content":{"rendered":"<p>Valimistej\u00e4rgsed p\u00e4evad on toonud meile t\u00f5demuse, et v\u00f5itja ei pruugi olla alati esimene ja \u00f5htusele \u00f5nnestumisele v\u00f5ib peale triumfeerivat pidu j\u00e4rgneda hommikune pohmell. Samas, kui \u00e4pardunult riiki valitsevale Reformierakonnale ja Eesti200 nimelisele viirastusseltskonnale jagus \u00fcle riigi vaid 11,7% toetust, t\u00f5usis ootamatult madalseisust mitmeid olulisi erakonnaliikmeid teistele parteidele loovutanud Keskerakond, mis tegi riigi \u00e4ri- ja poliitikakeskuses Tallinnas teistest peajagu parema tulemuse ning Isamaa, mille liikmed suutsid koguda \u00fcle Eesti ohtralt toetust ning n\u00e4iteks Haapsalus n\u00fcgida v\u00f5imult kunagise reformierakondlaena oma valimisliiduga Hari kohalikuks isevalitsejaks t\u00f5usnud Urmas Suklese.<br \/>\n<b>Loobumine Tartus.<\/b><br \/>\nEnt t\u00f5elistele tegijatele Haapsalust ei piisa ja \u00fcleriigiliselt j\u00f5uavad pildile need, kes suudavad panna end maksma Tallinnas, Tartus ja P\u00e4rnus. Tartus tegi Isamaa midagi v\u00f5imatut ja suutis napilt edestada Reformierakonda. Ent \u00f5ige kiiresti asendus v\u00f5idujoovastus t\u00f5demusega, et Lukasest linnapead ei saa ja vana hea reformikas Klaas v\u00f5ib rahulikult oma kabinetti istuma j\u00e4\u00e4da. \u00dchelt poolt n\u00e4itab see Tartu Isamaalaste selgrootust, teisalt sedagi, kui oluline on juhtfiguuri koost\u00f6\u00f6valmidus ja oskus kompromisse s\u00f5lmida. Samas kui peamister Michal tunnistab arrogantselt vaid opositsiooniga k\u00e4rkimist ja k\u00fclvab poliitikas vaenu ning segadust, on Urmas Klaas n\u00e4idanud end tasakaaluka, erinevaid arvamusi hindava ja kogenud poliitikuna, t\u00f5si, kahjuks vaid kohalikul tasandil. Kui Klaas t\u00f5useks Reformierakonna esimeheks, siis mine tea, ehk polekski erakonna n\u00e4ol enam tegemist rahva poolt vihatud michaliitliku klikiga, vaid t\u00e4iesti normaalse erakonnaga. Kuid see on muidugi \u00fcksnes oletus, sest k\u00fcllap on tartlastele selgeks tehtud, et nautige teie seal edu, aga j\u00e4tke Tallinna k\u00f5vad tegijad rahule ja sestap j\u00e4\u00e4bki Klaas oma ambitsioonidega reformierakondlikku Tartusse, j\u00e4rgmisel neljal aastal siis Isamaaga kahasse tegutsedes, ehkki ega selleski v\u00f5i veel kindel olla, sest juba kostab Reinsalu protestih\u00e4\u00e4l, et eh teid seal Emaj\u00f5e \u00e4\u00e4res, v\u00f5tke see meerikoht ja hakake asjatama! Peakontori sekkumine v\u00f5ib aga l\u00f5ppeda sootuks sellega, et Isamaa j\u00e4etakse Tartus linnavalitsusest v\u00e4lja ja kabinetid h\u00f5ivavad lisaks reformikatele sotsid, keskid ja kahesajalased. Midagi taolist juhtus P\u00e4rnus, kus \u00a0Isamaal tuli alla neelata paras pettumus, kui pidu l\u00f5ppes kurva t\u00f5demusega, et linnavalitsus tehakse ilma nendeta.<br \/>\n<b>Tallinn saab kaalukeeleks.<\/b><br \/>\nN\u00fc\u00fcd on pilgud p\u00f6\u00f6ratud Tallinnale, kus Isamaa ladvik lubab 23. oktoobril anda selge vastuse, kas minnakse linnavalitsusse koos tallinlaste vaieldamatu soosiku Keskerakonnaga v\u00f5i asutakse kahtlasele teele koos end linnavalitsemisel t\u00f5eliste \u00e4pudena n\u00e4idanud sotside, \u00fclemaalise autsaideri tiitli p\u00e4lvinud Reformi ja seni end veel mitte millegagi t\u00f5estanud Parempoolsetega, kellest pole selge, mida need projektiparteilased endast tegelikult kujutavad.<br \/>\nIsamaa seisab Tallinnas t\u00f5eliselt raske valiku ees. Nii Keskerakonnaga s\u00f5brustades, kui ka laiap\u00f5hjalise koalitsiooniga \u00fchinedes, kaotatakse toetust, k\u00fcsimus seisab vaid selles, kummal juhul on kahju suurem. Keskerakonnaga minnes kaotatakse nende usaldus, kelle jaoks keskide taust m\u00f5jub punase r\u00e4tikuna, suure koalitsiooni puhul aga pettuvad eelarvamustevabad linlased, kes loodavad, et uus linnavalitsus l\u00f5petab ossinovskilikud jamad ning Tallinnast saab taas selgetele arengueesm\u00e4rkidele p\u00fchendunud kastirattafeti\u0161ist vaba pealinn. Arvestades, kuidas Isamaa 2001, aastal suutis teha koost\u00f6\u00f6d isegi toonase saatanlikult iseseisvuse vastu v\u00f5idelnud Jevgeni Koganiga, h\u00e4\u00e4letades tolle \u00e4\u00e4rmuslase volituste taastamise poolt Tallinna volikogus, v\u00f5i kuidas 2017. aastal v\u00f5ideldi niinimetatud seitsme p\u00e4kapiku valitsuse eest, soovides kohalt t\u00f5ugata toonast linnapead, siis veel keskerakondlast Taavi Aasa, kellest t\u00e4naseks on saanud truu isamaalane, pole midagi imestada, kui Reinsalu \u00f5hutusel valitakse halvim variant ning liitutakse koalitsiooniga, mis kindlasti j\u00e4rgmiste valimisteni vastu ei pea, ent j\u00f5uab eelnevalt veel nii m\u00f5negi jama kokku keerata.<br \/>\nIsamaa ilu moondub v\u00e4gisi valuks v\u00f5i suudavad erakonna juhid veel midagi p\u00e4\u00e4sta.<\/p>\n","protected":false},"excerpt":{"rendered":"<p>Valimistej\u00e4rgsed p\u00e4evad on toonud meile t\u00f5demuse, et v\u00f5itja ei pruugi olla alati esimene ja \u00f5htusele \u00f5nnestumisele v\u00f5ib peale triumfeerivat pidu j\u00e4rgneda hommikune pohmell. Samas, kui \u00e4pardunult riiki valitsevale Reformierakonnale ja&hellip;<\/p>\n","protected":false},"author":6,"featured_media":3051,"comment_status":"open","ping_status":"open","sticky":false,"template":"","format":"standard","meta":{"_eb_attr":"","footnotes":""},"categories":[16],"tags":[],"class_list":["post-3050","post","type-post","status-publish","format-standard","has-post-thumbnail","hentry","category-arvamus"],"_links":{"self":[{"href":"https:\/\/www.uudistekeskus.ee\/index.php?rest_route=\/wp\/v2\/posts\/3050","targetHints":{"allow":["GET"]}}],"collection":[{"href":"https:\/\/www.uudistekeskus.ee\/index.php?rest_route=\/wp\/v2\/posts"}],"about":[{"href":"https:\/\/www.uudistekeskus.ee\/index.php?rest_route=\/wp\/v2\/types\/post"}],"author":[{"embeddable":true,"href":"https:\/\/www.uudistekeskus.ee\/index.php?rest_route=\/wp\/v2\/users\/6"}],"replies":[{"embeddable":true,"href":"https:\/\/www.uudistekeskus.ee\/index.php?rest_route=%2Fwp%2Fv2%2Fcomments&post=3050"}],"version-history":[{"count":2,"href":"https:\/\/www.uudistekeskus.ee\/index.php?rest_route=\/wp\/v2\/posts\/3050\/revisions"}],"predecessor-version":[{"id":3053,"href":"https:\/\/www.uudistekeskus.ee\/index.php?rest_route=\/wp\/v2\/posts\/3050\/revisions\/3053"}],"wp:featuredmedia":[{"embeddable":true,"href":"https:\/\/www.uudistekeskus.ee\/index.php?rest_route=\/wp\/v2\/media\/3051"}],"wp:attachment":[{"href":"https:\/\/www.uudistekeskus.ee\/index.php?rest_route=%2Fwp%2Fv2%2Fmedia&parent=3050"}],"wp:term":[{"taxonomy":"category","embeddable":true,"href":"https:\/\/www.uudistekeskus.ee\/index.php?rest_route=%2Fwp%2Fv2%2Fcategories&post=3050"},{"taxonomy":"post_tag","embeddable":true,"href":"https:\/\/www.uudistekeskus.ee\/index.php?rest_route=%2Fwp%2Fv2%2Ftags&post=3050"}],"curies":[{"name":"wp","href":"https:\/\/api.w.org\/{rel}","templated":true}]}}