{"id":3046,"date":"2025-10-22T18:17:22","date_gmt":"2025-10-22T15:17:22","guid":{"rendered":"https:\/\/www.uudistekeskus.ee\/?p=3046"},"modified":"2025-10-22T23:42:21","modified_gmt":"2025-10-22T20:42:21","slug":"kas-ukraina-juhtkond-tahab-iga-hinna-eest-avada-teise-rinde-laanerinde","status":"publish","type":"post","link":"https:\/\/www.uudistekeskus.ee\/?p=3046","title":{"rendered":"Kas Ukraina juhtkond tahab iga hinna eest avada teise rinde \u2013 l\u00e4\u00e4nerinde?"},"content":{"rendered":"<p class=\"western\"><span style=\"color: #000000;\"><span lang=\"et-EE\">Peaaegu k\u00f5ik Venemaaga seonduv on n\u00fc\u00fcdis-Ukrainas p\u00f5lu all. Seda kummalisem tundub, et Ukraina juhtkond m\u00e4ngib \u2013 kujundlikult \u00f6eldes \u2013 vene ruletti. Eriti just suhtlemisel ungarlastega. M\u00e4ngib nii, nagu oleks eluisu ikka <\/span><span lang=\"et-EE\"><b>l\u00f5plikult<\/b><\/span><span lang=\"et-EE\"> kadunud.<\/span><\/span><\/p>\n<p class=\"western\"><span style=\"color: #000000;\"><span lang=\"et-EE\">See m\u00f5ttek\u00e4ik tekkis mul siis, kui olin saanud teada Ungaris Sz<\/span><span lang=\"et-EE\">\u00e1<\/span><span lang=\"et-EE\">zhalombatta linnas paiknevas, riiklikule naftafirmale MOL kuuluvas naftat\u00f6\u00f6tlemistehases 2025. aasta 20. oktoobri \u00f5htul t\u00e4iesti ootamatult puhkenud tulekahjust, mille k\u00e4igus kostis \u2013 Ungari ajakirjanduses ja \u00fchismeedias avaldatud teadete kohaselt \u2013 ka plahvatusi.<\/span><\/span><\/p>\n<p class=\"western\"><span lang=\"et-EE\" style=\"color: #000000;\">Ungari ja Ukraina t\u00fcli juba aastaid j\u00e4lginuna tegin kohe j\u00e4relduse, et k\u00f5ige t\u00f5en\u00e4olisemalt oli tegu Ukraina eriteenistuste antud \u201evihjega\u201d Ungari juhtkonnale, keda Ukraina juhtkond ja innukad Ukraina-s\u00f5brad \u00fcle maailma (ka Eestis!) peavad venemeelseks, Putini-Venemaa ohtlikuks k\u00e4epikenduseks Euroopas. Peavad sellep\u00e4rast, et Ungaril on Venemaaga viljakas, vastastikku kasulik energeetikakoost\u00f6\u00f6, mida kumbki pool ei kavatsegi l\u00f5petada. Ukraina v\u00f5imud on Ungari v\u00f5ime selle koost\u00f6\u00f6 p\u00e4rast korduvalt arvustanud ja \u00e4hvardanud, viimasel aastal ka k\u00e4egakatsutavalt survestanud, peatades Ukrainat l\u00e4biva naftajuhtme \u201eS\u00f5prus\u201d toimimise. <\/span><\/p>\n<p class=\"western\"><span style=\"color: #000000;\"><span lang=\"et-EE\">Ungari juhtkond on j\u00e4\u00e4nud alati endale kindlaks. Esiteks, tema nagu iga teisegi riigi juhtkonna esma\u00fclesanne on hoolitseda <\/span><span lang=\"et-EE\"><b>oma<\/b><\/span><span lang=\"et-EE\"> rahva ja riigi hea k\u00e4ek\u00e4igu eest. <\/span><\/span><\/p>\n<p class=\"western\"><span lang=\"et-EE\" style=\"color: #000000;\">Teiseks aga on Ukraina v\u00f5imud kiusanud juba alates 2014. aasta riigip\u00f6\u00f6rdest taga ungarlasi, russiine ja teisi Taga-Karpaatia p\u00f5lisrahvaid (kellest paljudel on ka topeltkodakondsus, enamasti Ukraina\u2013Ungari oma). <\/span><\/p>\n<p class=\"western\"><span style=\"color: #000000;\"><span lang=\"et-EE\">Nii Taga-Karpaatia p\u00f5liselanikele kui \u00fcldse v\u00e4ga paljudele Ungari kodanikele ja ungarlastele \u00fcle maailma m\u00f5jus t\u00f5elise n\u00e4kkus\u00fclitamisena, kui 2022. aasta oktoobris v\u00f5rdsustati Taga-Karpaatia suuruselt teises linnas Munk<\/span><span lang=\"et-EE\">\u00e1<\/span><span lang=\"et-EE\">csis (idaslaavip\u00e4raselt: Mukat\u0161evos) punamonumendiga ungarlaste p\u00fcha linnu \u2013 turuli \u2013 kuju ning visati seej\u00e4rel sealsesse linnusekraavi. Linnukuju asemele kinnitati aga hoopis Ukraina kolmhark kui \u201eainusobiv s\u00fcmbol\u201d. <\/span><\/span><\/p>\n<p class=\"western\"><span lang=\"et-EE\"><span style=\"color: #000000;\">Ukraina v\u00f5imude korraldusel on topeltkodakondsusega (Ukraina\u2013Ungari) taga-karpaatialasi sundv\u00e4rvatud Ukraina s\u00f5jav\u00e4kke ja saadetud ruttu rindele, kindlasse surma.<\/span> <span style=\"color: #000000;\">(Kindlasse sellep\u00e4rast, et Ukraina v\u00f5imud on l\u00e4bi aastate kiivalt hoidunud Taga-Karpaatia elanikele andmast korralikku s\u00f5jalist v\u00e4lja\u00f5pet, peljates viimaste \u201eliigset ungarimeelsust ja peidetud lahkul\u00f6\u00f6miskavatsusi\u201d.) Samuti peksti osa sundv\u00e4rvatuid surnuks veel enne rindelesaatmist, kuna nad keeldusid nende jaoks <\/span><\/span><span style=\"color: #000000;\"><span lang=\"et-EE\"><b>t\u00e4iesti v\u00f5\u00f5rasse<\/b><\/span><span lang=\"et-EE\"> s\u00f5tta vabatahtlikult minemast. <\/span><\/span><\/p>\n<p class=\"western\"><span lang=\"et-EE\" style=\"color: #000000;\">Ukraina praeguse re\u017eiimi pooldajad on Ungarit kahjustanud ka seestpoolt. N\u00e4iteks on teinud hulganisti pommi\u00e4hvardusk\u00f5nesid \u00fcldhariduskoolidele, samuti kavandanud relvar\u00fcnnakuid ja kogunud luureteavet. Ja seda k\u00f5ike olukorras, kus Ungari v\u00f5imud on alates 2022. aastast vastu v\u00f5tnud massiliselt s\u00f5jap\u00f5genikke Ukrainast ning neid majutanud, toitnud ja koolitanud. <\/span><\/p>\n<p class=\"western\"><span style=\"color: #000000;\"><span lang=\"et-EE\"><b>Sz<\/b><\/span><b>\u00e1<\/b><span lang=\"et-EE\"><b>zhalombattas toimunu puhul oli tunda asjatundjak\u00e4tt<\/b><\/span><\/span><\/p>\n<p class=\"western\"><span style=\"color: #000000;\"><span lang=\"et-EE\">Sz<\/span><span lang=\"et-EE\">\u00e1<\/span><span lang=\"et-EE\">zhalombattas toimunud tulekahju ja plahvatuste t\u00e4psemaid asjaolusid veel uuritakse. T\u00e4ie rangusega. Sellealase korralduse andis Ungari peaminister <\/span><span lang=\"et-EE\"><b>Viktor Orb<\/b><\/span><span lang=\"et-EE\"><b>\u00e1<\/b><\/span><span lang=\"et-EE\"><b>n<\/b><\/span><span lang=\"et-EE\"> isiklikult. Senistel andmetel on v\u00e4listatud, et Sz<\/span><span lang=\"et-EE\">\u00e1<\/span><span lang=\"et-EE\">zhalombatta vahejuhtum olnuks lohakast tegutsemisest tingitud t\u00f6\u00f6\u00f5nnetus. <\/span><\/span><\/p>\n<p class=\"western\"><span style=\"color: #000000;\"><span lang=\"et-EE\">\u00dcheks t\u00f5en\u00e4olisemaks seletuseks peetakse Ukraina eriteenistuste soovi selle plahvatuse abil \u201etaktitundeliselt vihjata\u201d nii Ungari v\u00f5imudele kui ka rahvusvahelisele \u00fcldsusele, et Ungari pole siiski k\u00fcllalt turvaline paik, kus USA president <\/span><span lang=\"et-EE\"><b>Donald Trump<\/b><\/span><span lang=\"et-EE\"> ja Venemaa president <\/span><span lang=\"et-EE\"><b>Vladimir<\/b><\/span> <span lang=\"et-EE\"><b>Putin <\/b><\/span><span lang=\"et-EE\">saaks kohtuda, et kokku leppida Ukrainas k\u00e4iva s\u00f5ja l\u00f5petamise tingimustes. Teatavasti sai k\u00f5nealuse tippkohtumise toimumispaigaks v\u00e4lja valitud just Budapest. Ukraina re\u017eiimi see kohavalik muidugi \u00e4rritas, innukaid Ukraina-s\u00f5pru niisamuti, kuid ei USA ega Venemaa riigipea lasknud end sellest m\u00f5jutada.<\/span><\/span><\/p>\n<p class=\"western\"><span style=\"color: #000000;\"><span lang=\"et-EE\">Sz<\/span><span lang=\"et-EE\">\u00e1<\/span><span lang=\"et-EE\">zhalombatta naftat\u00f6\u00f6tlemistehases 20. oktoobril puhkenud tulekahi ja sellega kaasnenud plahvatused olid nagu t\u00f5elise asjatundja t\u00f6\u00f6vili: \u00fckski inimene seal kannatada ei saanud, mingit suurt m\u00fcrgileket ei tekkinud, kuid samas kulub Ungari v\u00f5imudel tehase kordategemiseks oma aeg, ja ka mitte just v\u00e4he raha. Kui destilleerimistorn peaks olema saanud m\u00e4rkimisv\u00e4\u00e4rselt kahjustada, siis asjatundjate hinnangul v\u00f5ib selle kordategemine kesta poolest aastast kuni terve aastani.<\/span><\/span><\/p>\n<p class=\"western\"><span lang=\"et-EE\" style=\"color: #000000;\">Ungari v\u00f5imud rahustasid rahvast jutuga, et Ungari energiavarustuskindlus on alles ning mureks pole p\u00f5hjust. V\u00e4ga t\u00f5en\u00e4oliselt nii ongi, sest Ungari juhtkond on ajanud lisaks arukale v\u00e4lispoliitikale ka arukat majanduspoliitikat, sealhulgas energiapoliitikat. MOL-il on oma naftat\u00f6\u00f6tlemistehas veel nii Ungari p\u00f5hja- kui l\u00f5unanaabri juures \u2013 vastavalt Slovakkias Bratislava linnas ning Horvaatias Rijeka linnas. Samuti on piisav varu olemas ka kodumaistes k\u00fctusehoidlates.<\/span><\/p>\n<p class=\"western\"><span lang=\"et-EE\" style=\"color: #000000;\"><b>\u00dcles\u00e4rritatud isamaalist ungarlast enam ei peata<\/b><\/span><\/p>\n<p class=\"western\"><span style=\"color: #000000;\"><span lang=\"et-EE\">Muretseda on p\u00f5hjust hoopis <\/span><span lang=\"et-EE\">Ukraina<\/span><b> <\/b><span lang=\"et-EE\">juhtkonnal. Sest kui peaks leidma l\u00f5plikult kinnitust, et Sz<\/span><span lang=\"et-EE\">\u00e1<\/span><span lang=\"et-EE\">zhalombatta tulekahju puhkemisel oli m\u00e4ngus <\/span><span lang=\"et-EE\"><b>Vladimir Zelenski<\/b><\/span><span lang=\"et-EE\"> re\u017eiimi v\u00f5i tolle m\u00f5ne liitlase k\u00e4si, siis v\u00e4ga t\u00f5en\u00e4oliselt puhkeb isamaaliste ungarlaste algatusel ja osav\u00f5tul Ukraina-vastane sissis\u00f5da. Teisis\u00f5nu: relvastatud vastupanu. Ja seda lisaks Ukraina maa-alale ka k\u00f5ikjal mujal, kuhu Ukraina re\u017eiimi esindajad oma jala juhtuvad t\u00f5stma.<\/span><\/span><\/p>\n<p class=\"western\"><span style=\"color: #000000;\"><span lang=\"et-EE\">Seni on relvastatud vastupanuliikumise puhkemist tagasi hoidnud Viktor Orb<\/span><span lang=\"et-EE\">\u00e1<\/span><span lang=\"et-EE\">ni juhitava Ungari valitsuse sirgeselgne ja arukas v\u00e4lispoliitika ning hooliv, l\u00e4bim\u00f5eldud sisepoliitika. Samuti see, et Ungari parlamendis on oma saadikur\u00fchm ka k\u00f5ige p\u00f5him\u00f5ttekindlamaid (loe: k\u00e4redamaid) ungari rahvuslasi esindaval erakonnal \u201eMeie isamaa\u201d. <\/span><\/span><\/p>\n<p class=\"western\"><span style=\"color: #000000;\"><span lang=\"et-EE\">Kui \u201eMeie isamaale\u201d ja ta pooldajatele peaks aga tunduma, et riigi juhtkond k\u00e4itub Sz<\/span><span lang=\"et-EE\">\u00e1<\/span><span lang=\"et-EE\">zhalombatta vahejuhtumit uurides liiga pehmelt v\u00f5i \u2013 hoidku jumal selle eest! \u2013 p\u00fc\u00fcab mingeid asjaolusid koguni kinni m\u00e4tsida v\u00f5i v\u00e4hemalt pisendada, siis on Ukraina re\u017eiimi vastase relvastatud vastupanu puhkemine kindel. Seda ei suuda siis enam pidurdada Orb<\/span><span lang=\"et-EE\">\u00e1<\/span><span lang=\"et-EE\">ni ega \u00fchegi teise Ungari riigimehe k\u00f5ige tungivamadki \u00fcmberveenmiskatsed. Kui isamaaline ungarlane tunneb, et teda ennast v\u00f5i ta rahvust on r\u00e4ngalt solvatud v\u00f5i koguni surmaohtu seatud, ja teab, et tema v\u00f5imuses on solvajale v\u00f5i ohustajale tagasi tasuda, siis sellist ungarlast juba enam ei peata.<\/span><\/span><\/p>\n<p class=\"western\"><span lang=\"et-EE\" style=\"color: #000000;\">Ungaris leidub arvestatav hulk Taga-Karpaatia p\u00f5liselanikke, sealhulgas selliseidki, kel on s\u00f5dimiskogemus ja vajalik v\u00e4lja\u00f5pe (saadud enamasti Ukraina\u2013Vene s\u00f5jast). Nad tunnevad Taga-Karpaatiat nagu oma viit s\u00f5rme, samuti tunnevad oivaliselt ka \u00fclej\u00e4\u00e4nud Ukraina olusid. Peale nende leidub Ungaris aga veel selliseidki ungarlasi, kel on s\u00f5dimiskogemus 1990-ndatel k\u00e4inud Jugoslaavia kodus\u00f5jast. Lisaks on nii ungari rahvussotsialistid kui mitmed muudki rahvuslaste r\u00fchmitused korraldanud oma liikmetele s\u00f5jav\u00e4elaagreid omaalgatuslikult. Leidub selliseidki ungari mehi, kes on kas endised palgas\u00f5durid v\u00f5i \u201esinikiivrid\u201d, igal juhul tunnevad k\u00f5iki s\u00f5duritarkusi. Ja mundrikandjaile saavad t\u00f5husaks abiks olla ka erariides vastupanuliikujad, ennek\u00f5ike droonilennutajad ning arvutih\u00e4kkerid.<\/span><\/p>\n<p class=\"western\"><span lang=\"et-EE\" style=\"color: #000000;\">Kodanikualgatuse korras luure- ega l\u00f6\u00f6gisalkade moodustamiseks vajalikest v\u00f5itlejatest niisiis ungarlastel puudu ei tule. Mingit keskvalitsuse luba v\u00f5i lahinguk\u00e4sku sellised v\u00f5itlejad siis enam ei oota. <\/span><\/p>\n<p class=\"western\"><span lang=\"et-EE\" style=\"color: #000000;\">P\u00e4rast seda saab juba t\u00e4ie kindlusega \u00f6elda: iga Ukraina re\u017eiimi esindaja v\u00f5i innukas pooldaja liigub siis juba ringi sama turvaliselt kui isik, kelle jalge all p\u00f5leb maa, v\u00f5i kes jalutab pahaaimamatult miiniv\u00e4ljal, mille t\u00e4psest asukohast pole tal aimugi.<\/span><\/p>\n<p class=\"western\"><span lang=\"et-EE\" style=\"color: #000000;\">Kas imed on v\u00f5imalikud? Sellele k\u00fcsimusele saame jaatavalt vastata siis, kui Ukraina s\u00f5da on l\u00f5ppenud nii, et enne seda pole avatud teist rinnet \u2013 l\u00e4\u00e4nerinnet. Nimelt Ungari suunalt. <\/span><\/p>\n<p class=\"western\"><span lang=\"et-EE\" style=\"color: #000000;\">Ungari olude ja ungari iseloomu tundjana ning ungari keele oskajana saan kindlalt v\u00e4ita: Ungari ja Ukraina erinev suurus ei loe k\u00f5ige v\u00e4hematki, kui ungarlane on \u00fcles \u00e4rritatud ning on viidud olukorda, kus ta peab oma au s\u00e4ilitamiseks m\u00e4ngu panema kogu oma loovuse ja leidlikkuse. <\/span><\/p>\n<p class=\"western\"><span lang=\"et-EE\" style=\"color: #000000;\">Ungari ja ungarlastega t\u00fcli norida kavatsejatel tasub seda alati arvestada. Muidu v\u00f5ib olla juba hilja. T\u00fclinorijate endi jaoks ongi, olgu nad siis oma arust nii \u201esuured ninad\u201d kui tahes.<\/span><\/p>\n<p class=\"western\"><span lang=\"et-EE\" style=\"color: #000000;\"><b>T\u00f5nu Kalvet <\/b><\/span><\/p>\n<p class=\"western\"><span style=\"color: #000000;\"><span lang=\"et-EE\"><strong>P.S.<\/strong> Ungari ajakirjanik <\/span><span lang=\"et-EE\"><b>L<\/b><\/span><span lang=\"et-EE\"><b>\u00e1s<\/b><\/span><span lang=\"et-EE\"><b>zl\u00f3 V\u00e9sey Kov<\/b><\/span><span lang=\"et-EE\"><b>\u00e1<\/b><\/span><span lang=\"et-EE\"><b>cs <\/b><\/span><span lang=\"et-EE\">ennustas interneti-TV saatesarjas \u201eElszabadult Haj\u00f3<\/span><span lang=\"et-EE\">\u00e1<\/span><span lang=\"et-EE\">gy<\/span><span lang=\"et-EE\">\u00fa<\/span><span lang=\"et-EE\">\u201d (\u201eLahtip\u00e4\u00e4senud laevakahur\u201d) 27. septembril 2025, et n\u00fc\u00fcdses pingelises v\u00e4lispoliitikaolukorras v\u00f5idakse r\u00fcnnata ka Sz<\/span><span lang=\"et-EE\">\u00e1<\/span><span lang=\"et-EE\">zhalombatta naftat\u00f6\u00f6tlemistehast. P\u00e4rast 20. oktoobri \u00f5htul seal tehases toimunud vahejuhtumit levib asjaomane videol\u00f5ik ungari keele- ja kultuuriruumis ning kaugemalgi lausa kulutulena.<\/span><\/span><\/p>\n<p class=\"western\"><span style=\"color: #000000;\"><strong><span lang=\"et-EE\">T. K.<\/span><\/strong><\/span><\/p>\n<hr \/>\n<p class=\"western\"><strong><span style=\"color: #000000;\">Allikad:<\/span><\/strong><\/p>\n<p><span style=\"color: #000000;\"><strong>1)<\/strong> https:\/\/kuruc.info\/r\/2\/293939\/<\/span><\/p>\n<p><span style=\"color: #000000;\"><strong>2)<\/strong> https:\/\/www.hirek.sk\/hethatar\/gyanus-robbanas-szazhalombattan<\/span><\/p>\n<p><span style=\"color: #000000;\"><strong>3)<\/strong> https:\/\/eestinen.fi\/2025\/10\/video-euroopas-suttisid-venemaaga-seotud-naftatehased\/<\/span><\/p>\n<p><span style=\"color: #000000;\"><strong>4)<\/strong> https:\/\/mandiner.hu\/belfold\/2025\/10\/hatborzongato-felvetel-orokitette-meg-ahogy-a-szazhalombattai-olajfinomitot-ellepik-a-langok-video<\/span><\/p>\n<p><span style=\"color: #000000;\"><strong>5)<\/strong> https:\/\/www.katasztrofavedelem.hu\/modules\/vesz\/esemeny\/82690\/0<\/span><\/p>\n<p><span style=\"color: #000000;\"><strong>6)<\/strong> https:\/\/mandiner.hu\/belfold\/2025\/10\/mi-zajlik-itt-robbanas-tortent-a-szazhalombattai-olajfinomitoban<\/span><\/p>\n<p><span style=\"color: #000000;\"><strong>7)<\/strong> https:\/\/mandiner.hu\/belfold\/2025\/10\/nincs-veszelyben-a-magyar-uzemanyagellatas-a-szazhalombattai-baleset-utan<\/span><\/p>\n<p><span style=\"color: #000000;\"><strong>8)<\/strong> https:\/\/index.hu\/belfold\/2025\/10\/20\/tuz-szazhalombatta-olajfinomito-robbanas-mol\/<\/span><\/p>\n<p><span style=\"color: #000000;\"><strong>9)<\/strong> https:\/\/mandiner.hu\/belfold\/2025\/10\/szinte-hihetetlen-de-harom-hettel-ezelott-pontosan-megjosoltak-a-szazhalombattai-robbanast-video<\/span><\/p>\n","protected":false},"excerpt":{"rendered":"<p>Peaaegu k\u00f5ik Venemaaga seonduv on n\u00fc\u00fcdis-Ukrainas p\u00f5lu all. Seda kummalisem tundub, et Ukraina juhtkond m\u00e4ngib \u2013 kujundlikult \u00f6eldes \u2013 vene ruletti. Eriti just suhtlemisel ungarlastega. M\u00e4ngib nii, nagu oleks eluisu&hellip;<\/p>\n","protected":false},"author":4,"featured_media":3047,"comment_status":"open","ping_status":"open","sticky":false,"template":"","format":"standard","meta":{"_eb_attr":"","footnotes":""},"categories":[16],"tags":[],"class_list":["post-3046","post","type-post","status-publish","format-standard","has-post-thumbnail","hentry","category-arvamus"],"_links":{"self":[{"href":"https:\/\/www.uudistekeskus.ee\/index.php?rest_route=\/wp\/v2\/posts\/3046","targetHints":{"allow":["GET"]}}],"collection":[{"href":"https:\/\/www.uudistekeskus.ee\/index.php?rest_route=\/wp\/v2\/posts"}],"about":[{"href":"https:\/\/www.uudistekeskus.ee\/index.php?rest_route=\/wp\/v2\/types\/post"}],"author":[{"embeddable":true,"href":"https:\/\/www.uudistekeskus.ee\/index.php?rest_route=\/wp\/v2\/users\/4"}],"replies":[{"embeddable":true,"href":"https:\/\/www.uudistekeskus.ee\/index.php?rest_route=%2Fwp%2Fv2%2Fcomments&post=3046"}],"version-history":[{"count":2,"href":"https:\/\/www.uudistekeskus.ee\/index.php?rest_route=\/wp\/v2\/posts\/3046\/revisions"}],"predecessor-version":[{"id":3058,"href":"https:\/\/www.uudistekeskus.ee\/index.php?rest_route=\/wp\/v2\/posts\/3046\/revisions\/3058"}],"wp:featuredmedia":[{"embeddable":true,"href":"https:\/\/www.uudistekeskus.ee\/index.php?rest_route=\/wp\/v2\/media\/3047"}],"wp:attachment":[{"href":"https:\/\/www.uudistekeskus.ee\/index.php?rest_route=%2Fwp%2Fv2%2Fmedia&parent=3046"}],"wp:term":[{"taxonomy":"category","embeddable":true,"href":"https:\/\/www.uudistekeskus.ee\/index.php?rest_route=%2Fwp%2Fv2%2Fcategories&post=3046"},{"taxonomy":"post_tag","embeddable":true,"href":"https:\/\/www.uudistekeskus.ee\/index.php?rest_route=%2Fwp%2Fv2%2Ftags&post=3046"}],"curies":[{"name":"wp","href":"https:\/\/api.w.org\/{rel}","templated":true}]}}