{"id":3041,"date":"2025-10-21T17:14:01","date_gmt":"2025-10-21T14:14:01","guid":{"rendered":"https:\/\/www.uudistekeskus.ee\/?p=3041"},"modified":"2025-10-21T17:19:24","modified_gmt":"2025-10-21T14:19:24","slug":"2025-aasta-kov-valimised-naitasid-silmamoonduse-moju-eesti-valijale-raugeb-kuid-osaliselt-veel-kestab","status":"publish","type":"post","link":"https:\/\/www.uudistekeskus.ee\/?p=3041","title":{"rendered":"2025. aasta KOV valimised n\u00e4itasid: silmamoonduse m\u00f5ju Eesti valijale raugeb (kuid osaliselt veel kestab)"},"content":{"rendered":"<p class=\"western\" align=\"left\"><span lang=\"et-EE\" style=\"color: #000000;\">\u00dched valimised l\u00e4bi, teised aga \u00f5hus. Just n\u00f5nda saab iseloomustada 2025. aasta kohaliku omavalitsuse volikogu (l\u00fch. KOV) valimiste j\u00e4rgset olukorda Eestis. Keskvalitsusse kuuluvad reformierakond ja Eesti 200 said m\u00f5lemad \u00e4sjastel valimistel l\u00fc\u00fca, sest suur osa nende senistest pooldajatest oli valusate \u00f5ppetundide varal saanud siiski n\u00e4gijaks ega usaldanud enam. Sestap on loomulik oletada, et kui l\u00e4hiajal korraldataks ka Riigikogu valimised, siis l\u00e4heks reformierakonnal ja Eesti 200-l seal samamoodi.<\/span><\/p>\n<p class=\"western\" align=\"left\"><span lang=\"et-EE\" style=\"color: #000000;\">Esmapilgul n\u00e4itaks see justkui, et pimeusklikkus Eesti valijate seas kahaneb, ajuloputusmasinav\u00e4rgi tekitatud silmamoonduse m\u00f5ju aga raugeb. <\/span><\/p>\n<p class=\"western\" align=\"left\"><span style=\"color: #000000;\"><span lang=\"et-EE\">L\u00e4hemal vaatlusel selgub aga, et \u00fclevoolavalt r\u00f5\u00f5mustada oleks praegu siiski v\u00e4ga ennatlik. Sest Eesti poliitkartelli <\/span><strong><span lang=\"et-EE\">\u00fclej\u00e4\u00e4nud osaliste<\/span><\/strong><span lang=\"et-EE\"> tekitatud silmamoonduse m\u00f5ju valijaskonna suurele osale ju kestab endiselt, kohati on aga isegi suurenenud.<\/span><\/span><\/p>\n<p class=\"western\" align=\"left\"><span lang=\"et-EE\" style=\"color: #000000;\"><b>Selgus saabub juba v\u00e4ga varsti<\/b><\/span><\/p>\n<p class=\"western\" align=\"left\"><span lang=\"et-EE\" style=\"color: #000000;\">\u00d5nneks saab pilt varsti siiski selgeks. Siis, kui asutakse s\u00f5lmima v\u00f5imuliite. Siis selgubki, kes on kes, ja mida on kellegi valimiste-eelne jutt v\u00e4\u00e4rt. <\/span><\/p>\n<p class=\"western\" align=\"left\"><span lang=\"et-EE\" style=\"color: #000000;\">Kui minnakse \u00fchte valimisliitu oma ideoloogiliste vaenlastega, siis on selge, et kogu ilus jutt, mida valijale enne valimisi r\u00e4\u00e4giti, oli teadlik pettus. Pealinnas ja teistes suurtes omavalitsustes kohe kindlasti. <\/span><\/p>\n<p class=\"western\" align=\"left\"><span style=\"color: #000000;\"><span lang=\"et-EE\">Pisivalla-tasandil, kuskil K\u00fckametsas, vast mitte, kuna seal ongi tegusaid poliitikahuvilisi v\u00e4he, ning nad on jaotunud <\/span><span lang=\"et-EE\"><b>mitme<\/b><\/span><span lang=\"et-EE\"> poliitj\u00f5u vahel. Ja sealsetel otsustel on v\u00e4gagi piiratud m\u00f5ju. Seega on mingi kuskil p\u00e4rap\u00f5rgus asuva pisivalla puhul t\u00e4iesti vastuv\u00f5etav, vaat et ainum\u00f5eldavgi, et riiklikul tasandil verivaenlasteks liigituvad poliitj\u00f5ud teevad kohalikus omavalitsuses s\u00f5bralikult ja asjalikult koost\u00f6\u00f6d.<\/span><\/span><\/p>\n<p class=\"western\" align=\"left\"><span style=\"color: #000000;\"><span lang=\"et-EE\">Seevastu pealinnas, teistes suuremates linnades ja valdades r\u00e4\u00e4gib kokkuleppeleminek oma ideoloogiliste vastastega v\u00e4gagi selget keelt. Nimelt <\/span><span lang=\"et-EE\"><b>petturi<\/b><\/span><span lang=\"et-EE\">keelt. Ja asi on milleski <strong>m\u00e4rksa enamas<\/strong> kui pelgalt ideoloogilistes erinevustes. <\/span><\/span><\/p>\n<p class=\"western\" align=\"left\"><span style=\"color: #000000;\"><span lang=\"et-EE\">Kui n\u00e4iteks Riigikogus opositsiooni kuuluvad erakonnad soostuvad pealinnas v\u00f5i mujal suurtes omavalitsustes meeleldi moodustama v\u00f5imuliidu selliste erakondadega, kes kuuluvad keskvalitsusse ja on p\u00e4lvinud oma tegevusega (vahel ka tegevusetusega) opositsioonierakondadelt karmi kriitikat, siis ongi tegu k\u00f5ige puhtakujulisema kahepalgelisusega, oma valijate <\/span><span lang=\"et-EE\"><b>teadliku<\/b><\/span><span lang=\"et-EE\"> lollitamisega. <\/span><\/span><\/p>\n<p class=\"western\" align=\"left\"><span lang=\"et-EE\" style=\"color: #000000;\">Eesti seisukohast on eriti t\u00e4htis muidugi Tallinna ja Tartu uue v\u00f5imuliidu koosseis. N\u00e4iteks kui seekordsete valimiste \u00fcheks suuremaks v\u00f5itjaks peetav Isamaa peaks m\u00f5lemas suurlinnas moodustama v\u00f5imuliidu reformierakonnaga ja Parempoolsetega, siis n\u00e4itaks see selgemast selgemalt Isamaa juhtkonna selgrootust ja \u00f5ppimisv\u00f5imetust. <\/span><\/p>\n<p class=\"western\" align=\"left\"><span style=\"color: #000000;\"><span lang=\"et-EE\">Reformierakond on viimase m\u00f5ne aasta jooksul Isamaad alt vedanud korduvalt. Ja mitte lihtsalt niisama alt vedanud, vaid ka \u00e4ra nullinud paljud head algatused, mis Isamaa eestv\u00f5ttel ja pealek\u00e4imisel oli eelnevalt j\u00f5ustatud. Alates 2024. aasta v\u00f5imuvahetusest Tallinnas kuni \u00e4sjaste valimisteni oli Isamaa ju Tallinna v\u00f5imuliidus <\/span><span lang=\"et-EE\"><b>ainus<\/b><\/span><\/span><span lang=\"et-EE\"><span style=\"color: #000000;\"> j\u00f5ud, kes suutis pidurdada oma v\u00f5imuliidukaaslaste, ennek\u00f5ike just reformierakonna, kahjurlikke algatusi (mis muidugi ei t\u00e4henda, et Isamaa poliitikud ise suutnuks pealinna juhtides totrusi<\/span> <span style=\"color: #000000;\">v\u00e4ltida; lihtsalt \u201eisamaalisi totrusi\u201d oli v\u00e4hem, ja nad olid v\u00e4hemohtlikud). Pidev valmisolekun\u00f5ue v\u00f5imuliidukaaslaste kahjurlike plaanide pidurdamiseks ei lasknud aga Isamaa esindajail korralikult keskenduda oma p\u00f5hit\u00f6\u00f6le: linnajuhtimisele.<\/span><\/span><\/p>\n<p class=\"western\" align=\"left\"><span style=\"color: #000000;\">\u201e<span lang=\"et-EE\"><b>Isamaalise kodus\u00f5ja\u201d hoiatav m\u00e4lestus<\/b><\/span><\/span><\/p>\n<p class=\"western\" align=\"left\"><span lang=\"et-EE\" style=\"color: #000000;\">\u00dchte v\u00f5imuliitu minek Parempoolsetega t\u00e4hendaks Isamaa pooldajate seisukohast aga juba \u00e4\u00e4rmuslikku ja k\u00fcllap andestamatutki oma p\u00f5him\u00f5tete reetmist. Sest m\u00e4letatavasti on ju Parempoolsete n\u00e4ol tegu endiste Isamaa liikmetega, kes tahtsid juhtimise \u00fcle v\u00f5tta ja seej\u00e4rel muuta oma konservatiivne koduerakond&#8230; liberastlikuks!<\/span><\/p>\n<p class=\"western\" align=\"left\"><span style=\"color: #000000;\"><span lang=\"et-EE\">M\u00e4letan h\u00e4sti, kuidas 2022. aasta jaanuaris kutsus Isamaa tollane ja ka praegune aseesimees <\/span><span lang=\"et-EE\"><b>Riina Solman<\/b><\/span><span lang=\"et-EE\"> mind Isamaasse just selleks, et suurendada s\u00f5na parimas t\u00e4henduses isamaalaste hulka ja osakaalu erakonna liikmeskonnas, v\u00e4ltimaks Parempoolsete edukat v\u00f5imuhaaramiskatset.<\/span><\/span><\/p>\n<p class=\"western\" align=\"left\"><span style=\"color: #000000;\"><span lang=\"et-EE\">M\u00e4letan sedagi, kuidas mulle saadetud e-kirjas kutsus mind \u00fcles toetama Parempoolseid tollane Isamaa Harjumaa piirkonna juht <\/span><span lang=\"et-EE\"><b>Lavly Perling<\/b><\/span><span lang=\"et-EE\"> (muide, Riina Solmani hea s\u00f5branna!). <\/span><\/span><\/p>\n<p class=\"western\" align=\"left\"><span style=\"color: #000000;\"><span lang=\"et-EE\">Isikuna, kel on s\u00fcda \u00f5igel kohal, toetasin tollal erakonna isamaalisi j\u00f5ude ning aitasin ka ise kaasa sellele, et Parempoolsete kavandatud v\u00f5imuhaaramiskatse nurjus, nad ise aga lahkusid Isamaast karjakaupa. (Tagantj\u00e4reletargana saan praegu muidugi \u00f6elda, et puhtalt karjeristipilguga vaadates oli mu tollane otsus vale, kuna m\u00f5ni aeg hiljem, siis kui Parempoolsete-oht k\u00f5rvaldatud, paljastus nii m\u00f5negi \u201ekonservatiivse isamaalase\u201d <\/span><span lang=\"et-EE\"><b>tegelik<\/b><\/span><span lang=\"et-EE\"> pale. Ent kuna ma \u2013 erinevalt viimatimainitutest \u2013 pole siiani \u00f5ppinud oma s\u00fcdametunnistust v\u00e4lja l\u00fclitama, siis olen oma toonase valikuga ikkagi rahul. Iseenese eest ju ei p\u00f5gene.)<\/span><\/span><\/p>\n<p class=\"western\" align=\"left\"><span style=\"color: #000000;\"><span lang=\"et-EE\">K\u00fc\u00fcnilisev\u00f5itu \u00fctlus \u201et\u00fc\u00fcpilisel valijal on haugim\u00e4lu\u201d siiski <\/span><span lang=\"et-EE\"><b>t\u00f5eliselt<\/b><\/span><span lang=\"et-EE\"> isamaaliste valijate puhul ei kehti. \u201eIsamaaline kodus\u00f5da\u201d Parempoolsetega on veel v\u00e4ga h\u00e4sti meeles neil Isamaa liikmetel ja valijatel, kes tollal seda hingev\u00e4rinal j\u00e4lgisid, selle l\u00f5ppedes aga kergendatult ohkasid. Ja kui n\u00fc\u00fcd Isamaa praegune juhtkond (kellest suurem osa kuulus ka \u201ekodus\u00f5jaaegsesse\u201d juhtkonda!) peaks n\u00fc\u00fcd minema koost\u00f6\u00f6le nende samade (!) isikutega, kes tollal tahtsid erakonda liberastlikuks muuta, siis&#8230; <\/span><\/span><\/p>\n<p class=\"western\" align=\"left\"><span style=\"color: #000000;\">\u201e<span lang=\"et-EE\">Eesti vajab muutust!\u201d kuulutas Isamaa peamine h\u00fc\u00fcdlause \u00e4sjastel valimistel.<\/span><\/span><\/p>\n<p class=\"western\" align=\"left\"><span lang=\"et-EE\" style=\"color: #000000;\">V\u00e4ga \u00f5ige m\u00f5te! Vajab t\u00f5esti muutust. Nagu vajab seda ka Isamaa ise. (Sest on ju Eesti osaks ka Isamaa.) Kas v\u00f5i selles osas, et hoidutakse koost\u00f6\u00f6le minekust oma ideoloogiliste vaenlastega. Vastasel korral puudub Isamaa ustavatel valijatel v\u00e4himgi m\u00f5te anda oma h\u00e4\u00e4l Isamaale ka j\u00e4rgmistel valimistel. Sama edukalt v\u00f5iks nad anda oma h\u00e4\u00e4le siis juba otse m\u00f5nele isamaalisuse ideoloogilistest vaenlastest, kellest p\u00e4rast valimisp\u00e4eva saavad justkui v\u00f5luv\u00e4el Isamaa uued \u201ekallid koalitsioonipartnerid\u201d.<\/span><\/p>\n<p class=\"western\" align=\"left\"><span lang=\"et-EE\" style=\"color: #000000;\">Siis raugeks ja l\u00f5puks kaoks ka \u201eisamaalise silmamoonduse\u201d m\u00f5ju Eesti valijale. Ja see oleks juba \u00fcks olulisemaid muutusi \u00fcldse, mida Eesti vajab. <\/span><\/p>\n","protected":false},"excerpt":{"rendered":"<p>\u00dched valimised l\u00e4bi, teised aga \u00f5hus. Just n\u00f5nda saab iseloomustada 2025. aasta kohaliku omavalitsuse volikogu (l\u00fch. KOV) valimiste j\u00e4rgset olukorda Eestis. Keskvalitsusse kuuluvad reformierakond ja Eesti 200 said m\u00f5lemad \u00e4sjastel&hellip;<\/p>\n","protected":false},"author":4,"featured_media":3042,"comment_status":"open","ping_status":"open","sticky":false,"template":"","format":"standard","meta":{"_eb_attr":"","footnotes":""},"categories":[16],"tags":[],"class_list":["post-3041","post","type-post","status-publish","format-standard","has-post-thumbnail","hentry","category-arvamus"],"_links":{"self":[{"href":"https:\/\/www.uudistekeskus.ee\/index.php?rest_route=\/wp\/v2\/posts\/3041","targetHints":{"allow":["GET"]}}],"collection":[{"href":"https:\/\/www.uudistekeskus.ee\/index.php?rest_route=\/wp\/v2\/posts"}],"about":[{"href":"https:\/\/www.uudistekeskus.ee\/index.php?rest_route=\/wp\/v2\/types\/post"}],"author":[{"embeddable":true,"href":"https:\/\/www.uudistekeskus.ee\/index.php?rest_route=\/wp\/v2\/users\/4"}],"replies":[{"embeddable":true,"href":"https:\/\/www.uudistekeskus.ee\/index.php?rest_route=%2Fwp%2Fv2%2Fcomments&post=3041"}],"version-history":[{"count":2,"href":"https:\/\/www.uudistekeskus.ee\/index.php?rest_route=\/wp\/v2\/posts\/3041\/revisions"}],"predecessor-version":[{"id":3044,"href":"https:\/\/www.uudistekeskus.ee\/index.php?rest_route=\/wp\/v2\/posts\/3041\/revisions\/3044"}],"wp:featuredmedia":[{"embeddable":true,"href":"https:\/\/www.uudistekeskus.ee\/index.php?rest_route=\/wp\/v2\/media\/3042"}],"wp:attachment":[{"href":"https:\/\/www.uudistekeskus.ee\/index.php?rest_route=%2Fwp%2Fv2%2Fmedia&parent=3041"}],"wp:term":[{"taxonomy":"category","embeddable":true,"href":"https:\/\/www.uudistekeskus.ee\/index.php?rest_route=%2Fwp%2Fv2%2Fcategories&post=3041"},{"taxonomy":"post_tag","embeddable":true,"href":"https:\/\/www.uudistekeskus.ee\/index.php?rest_route=%2Fwp%2Fv2%2Ftags&post=3041"}],"curies":[{"name":"wp","href":"https:\/\/api.w.org\/{rel}","templated":true}]}}