{"id":2033,"date":"2025-02-09T21:14:03","date_gmt":"2025-02-09T19:14:03","guid":{"rendered":"https:\/\/www.uudistekeskus.ee\/?p=2033"},"modified":"2025-02-09T21:32:59","modified_gmt":"2025-02-09T19:32:59","slug":"csak-a-rovarokbol-keszult-liszt-es-a-tulfogyasztas-kozul-valaszthatunk","status":"publish","type":"post","link":"https:\/\/www.uudistekeskus.ee\/?p=2033","title":{"rendered":"Csak a rovarokb\u00f3l k\u00e9sz\u00fclt liszt \u00e9s a t\u00falfogyaszt\u00e1s k\u00f6z\u00fcl v\u00e1laszthatunk?"},"content":{"rendered":"\n<p class=\"has-black-color has-text-color has-link-color has-medium-font-size wp-elements-b56928c44f8b89efc629b151660830f3\">A Vil\u00e1g, amelyben \u00e9l\u00fcnk, hat\u00e1rozott t\u00f6rv\u00e9nyek alapj\u00e1n m\u0171k\u00f6dik, melyeknek alapjait, mi emberek nem<br>tudjuk m\u00f3dos\u00edtani. Igaz ez akkor is, ha valaki a Teremt\u00e9sben hisz, \u00e9s igaz akkor is, ha materialistak\u00e9nt a<br>Vil\u00e1g v\u00e9letlenszer\u0171 fejl\u0151d\u00e9se \u00e9s kialakul\u00e1sa mellett teszi le a voksot. Igaz, a materialista tudom\u00e1ny az<br>\u0151srobban\u00e1s elm\u00e9lettel tulajdonk\u00e9ppen a Teremt\u00e9ssel egy platformra ker\u00fclt. \u00cdgy mindk\u00e9t vil\u00e1gszeml\u00e9let azt<br>vallja, hogy az \u00e1ltalunk ismert vil\u00e1g a \u201esemmib\u0151l\u201d nagyon gyorsan keletkezett. Egyet tehet\u00fcnk, el kell<br>fogadjuk ezeket a t\u00f6rv\u00e9nyeket. Ha elfogadjuk, akkor szinkronban \u00e9s b\u00e9k\u00e9ben \u00e9lhet\u00fcnk a sz\u0171kebb \u00e9s t\u00e1gabb<br>k\u00f6rnyezet\u00fcnkben is.<\/p>\n\n\n\n<p class=\"has-black-color has-text-color has-link-color has-medium-font-size wp-elements-f0ee928041041ffe3d8ca9d5d6731a9b\">Mindig vannak azonban olyan emberek vagy csoportok, amelyek azt hirdetik, hogy az ember k\u00e9pes<br>megv\u00e1ltoztatni a k\u00f6r\u00fcl\u00f6tte l\u00e9v\u0151 k\u00f6rnyezetet \u2013 \u201eIstennek\u201d k\u00e9pzelik magukat. Ezek \u00fagy gondolj\u00e1k, hogy a<br>tudom\u00e1nyok r\u00e9v\u00e9n a vil\u00e1gunk olyan magas szint\u0171 megismer\u00e9s\u00e9re lesznek k\u00e9pesek, hogy uralkodni tudnak a<br>Vil\u00e1gon. \u0150k azok legt\u00f6bbsz\u00f6r, akik \u00e1ls\u00e1gos forradalmakat, l\u00e1zad\u00e1sokat robbantanak ki a t\u00e1rsadalmak<br>h\u00fcly\u00edt\u00e9se c\u00e9lj\u00e1b\u00f3l, az eml\u00edtett \u00e1ltal\u00e1nos t\u00f6rv\u00e9nyekkel szembemen\u0151 \u00e9letk\u00e9ptelen ideol\u00f3gi\u00e1kkal. Ilyen a<br>marxizmus, vagy a jelenleg terjesztett \u00e9letidegen gender, woke, er\u0151szakos tervezetlen z\u00f6ld\u00edt\u00e9s\u2026 ideol\u00f3gi\u00e1k.<\/p>\n\n\n\n<p class=\"has-black-color has-text-color has-link-color has-medium-font-size wp-elements-cad80c50c095fb2cab8b35c284a05f20\">Ezek az elm\u00e9letek csak arra val\u00f3k, hogy sz\u00e9tzil\u00e1lj\u00e1k az emberis\u00e9g term\u00e9szetes sz\u00f6veteit, \u00e9s egy k\u00f6nnyen<br>befoly\u00e1solhat\u00f3 t\u00e1rsadalmat hozzanak l\u00e9tre, amely megfeledkezik arr\u00f3l, hogy vannak alapvet\u0151 term\u00e9szeti \u00e9s<br>t\u00e1rsadalmi t\u00f6rv\u00e9nyek, amelyeket nem tudunk \u00e1tl\u00e9pni hosszabb t\u00e1von. Ha megpr\u00f3b\u00e1ljuk ezeket \u00e1tl\u00e9pni, akkor<br>el\u0151bb-ut\u00f3bb \u00fagyis vissza kell t\u00e9rni a fel\u00fcl\u00edrhatatlan t\u00f6rv\u00e9nyekhez, mert egy\u00e9bk\u00e9nt kipusztul az emberis\u00e9g.<br>Most \u00e9rkezt\u00fcnk egy ilyen k\u00f6telez\u0151 visszafordul\u00e1si ponthoz.<\/p>\n\n\n\n<p class=\"has-black-color has-text-color has-link-color has-medium-font-size wp-elements-28e413225624627db19766825d13f624\"><strong>A t\u00falfogyaszt\u00f3k \u00f3ri\u00e1si profitot biztos\u00edtanak egy igen sz\u0171k r\u00e9tegnek<\/strong><\/p>\n\n\n\n<p class=\"has-black-color has-text-color has-link-color has-medium-font-size wp-elements-bf28adc82d3b9b3ca9b4941fcb30f2e3\">A k\u00f6telez\u0151 \u00e9rv\u00e9ny\u0171 \u00e1ltal\u00e1nos term\u00e9szeti \u00e9s t\u00e1rsadalmi t\u00f6rv\u00e9nyekb\u0151l k\u00f6vetkez\u0151en a k\u00f6rnyezet\u00fcnkb\u0151l elvileg<br>mindig annyi forr\u00e1st haszn\u00e1lhatn\u00e1nk fel, ami a felt\u00e9tlen sz\u00fcks\u00e9glet\u00fcnk a norm\u00e1lis \u00e9let\u00fcnkh\u00f6z. Az ide\u00e1lis a<br>term\u00e9szet szempontj\u00e1b\u00f3l az \u00e1llatok p\u00e9ld\u00e1ja, \u0151k csak annyit vesznek el a term\u00e9szetb\u0151l, ami sz\u00e1mukra<br>felt\u00e9tlen\u00fcl fontos. Term\u00e9szetesen ha akarn\u00e1, az embernek megvan az a k\u00e9pess\u00e9ge, hogy t\u00f6bbet vegyen el, de<br>mindig csak annyit, ami m\u00e9g nem bor\u00edtja fel a vil\u00e1g rendj\u00e9t. Persze a term\u00e9szet \u201et\u00f6bblet<br>kizs\u00e1km\u00e1nyol\u00e1s\u00e1nak\u201d m\u00e9rt\u00e9k\u00e9t olyanoknak kellene meghat\u00e1rozni, akik a k\u00f6z\u00f6ss\u00e9g \u00e9rdekeit szolg\u00e1lj\u00e1k, nem<br>olyanoknak, akik b\u00e1rmi \u00e1ron, min\u00e9l t\u00f6bb hasznot akarnak kihozni amib\u0151l csak lehet.<\/p>\n\n\n\n<p class=\"has-black-color has-text-color has-link-color has-medium-font-size wp-elements-254b09e84756b55d143aaa6d0ffa799a\">Az emberis\u00e9g jelenleg a t\u00f6bsz\u00f6r\u00f6s\u00e9t fogyasztja a val\u00f3s sz\u00fcks\u00e9gleteinek. Rengeteg olyan term\u00e9ket fogyaszt,<br>amire nincs igaz\u00e1n sz\u00fcks\u00e9ge. Pl. olyan kozmetikai, ruh\u00e1zati term\u00e9keket, amelyek nem szolg\u00e1lj\u00e1k az ember<br>eg\u00e9szs\u00e9g\u00e9t vagy b\u00e1rmely m\u00e1s val\u00f3s ig\u00e9nyeit, csup\u00e1n az emberis\u00e9g egy sz\u0171k r\u00e9teg\u00e9nek a profit\u00e9hs\u00e9g\u00e9t<br>el\u00e9g\u00edtik ki.<\/p>\n\n\n\n<p class=\"has-black-color has-text-color has-link-color has-medium-font-size wp-elements-70792afbab5af53b0b3a5773a01bfbd0\">Ha biztos\u00edtani akarn\u00e1nk az indokolhat\u00f3 j\u00f3l\u00e9t\u00fcnk c\u00e9lj\u00e1b\u00f3l t\u00f6rt\u00e9n\u0151 t\u00f6bblet kizs\u00e1km\u00e1nyol\u00e1s\u00e1t a term\u00e9szetnek,<br>akkor tart\u00f3s, j\u00f3 min\u0151s\u00e9g\u0171 term\u00e9keket kellene k\u00e9sz\u00edteni, amelyeket nem kell r\u00f6vid id\u0151n bel\u00fcl eldobni \u00e9s \u00fajat<br>venni. A rossz min\u0151s\u00e9g\u0171 term\u00e9kek biztos\u00edtj\u00e1k a p\u00e9nz gyorsabb k\u00f6rforg\u00e1s\u00e1t, ami az \u00f3ri\u00e1si profitot biztos\u00edtja a<br>t\u00e1rsadalom egy sz\u0171k r\u00e9teg\u00e9nek.<\/p>\n\n\n\n<p class=\"has-black-color has-text-color has-link-color has-medium-font-size wp-elements-f39e3d220b6b78eab00e27bcbc604057\">Egy p\u00e9lda erre, hogy gyerekkoromban pl. j\u00f3 min\u0151s\u00e9g\u0171, tart\u00f3s cip\u0151ket k\u00e9sztettek, amelyeket cip\u00e9szhez<br>vitt\u00fcnk jav\u00edtani. Ma m\u00e1r kidobjuk a cip\u0151ket, mert nincs aki jav\u00edtsa, nem tud ebb\u0151l meg\u00e9lni, mert nem \u00e9ri<br>meg megjav\u00edtani a l\u00e1bbeliket.<\/p>\n\n\n\n<p class=\"has-black-color has-text-color has-link-color has-medium-font-size wp-elements-1d693cc3a510ebf3c9de488e130dc095\"><strong>A rovarev\u00e9sre val\u00f3 felsz\u00f3l\u00edt\u00e1sokt\u00f3l a gyermekekig mint az \u00e9ghajlat vesz\u00e9lyeztet\u0151iig<\/strong><\/p>\n\n\n\n<p class=\"has-black-color has-text-color has-link-color has-medium-font-size wp-elements-f486bc3c72474beaef72ddc54ff97dca\">\u00c9lelmiszereket is csak hagyom\u00e1nyosakat \u00e9s j\u00f3 min\u0151s\u00e9g\u0171eket volna szabad v\u00e1s\u00e1rolni. Az \u00e9lelmiszerek k\u00f6z\u00f6tt<br>is egyre t\u00f6bb a rossz min\u0151s\u00e9g\u0171, rengeteg \u2013 eddig nem haszn\u00e1latos \u2013 adal\u00e9kanyagot tartalmaz\u00f3 term\u00e9k.<br>Idegen kifejez\u00e9ssel junk food-nak is nevezik ezeket a rossz min\u0151s\u00e9g\u0171 term\u00e9keket. Ezeket tetszet\u0151s k\u00fcls\u0151vel,<br>sz\u00e9p csomagol\u00e1sban k\u00edn\u00e1lj\u00e1k. Sajnos egyre t\u00f6bb \u00e9lelmiszer is a kuk\u00e1ban v\u00e9gzi, egyr\u00e9szt a nem megfelel\u0151<br>min\u0151s\u00e9g miatt, m\u00e1sr\u00e9szt mert felel\u0151tlen\u00fcl t\u00falv\u00e1s\u00e1rolj\u00e1k magukat az emberek.<\/p>\n\n\n\n<p class=\"has-black-color has-text-color has-link-color has-medium-font-size wp-elements-2fc6dda238f4e9588a0549984c9698a1\">De ha ez m\u00e9g nem lenne el\u00e9g, akkor ism\u00e9t j\u00f6nnek a f\u00e9lesz\u0171ek \u2013 magukat progresszivnek nevez\u0151k \u2013, \u00e9s r\u00e1<br>akarj\u00e1k venni a vil\u00e1got, hogy egyen rovarokat, illetve haszn\u00e1ljunk rovarokb\u00f3l k\u00e9sz\u00fclt lisztet a f\u0151z\u00e9shez. S\u0151t,<br>m\u00e1r t\u00f6bb \u00e9lelmiszerben haszn\u00e1lnak is rovarokb\u00f3l kinyert adal\u00e9kanyagokat a tudtunk n\u00e9lk\u00fcl. A legt\u00f6bb<br>fogyaszt\u00f3nak azonban ez fel sem t\u0171nik, mivel k\u00f3dok m\u00f6g\u00e9 rejtik ezeket a term\u00e9kek csomagol\u00e1s\u00e1n.<\/p>\n\n\n\n<p class=\"has-black-color has-text-color has-link-color has-medium-font-size wp-elements-c575136c344a016e12f40e782bc115ce\">Mindezt olyan indokkal, hogy a szarvasmarha \u00e9s a t\u00f6bbi \u00e1llat az em\u00e9szt\u00e9se egyik v\u00e9gterm\u00e9kek\u00e9nt met\u00e1nt<br>ereget a l\u00e9gk\u00f6rbe, \u00e9s ez \u00fcvegh\u00e1zhat\u00e1st gener\u00e1l.<\/p>\n\n\n\n<p class=\"has-black-color has-text-color has-link-color has-medium-font-size wp-elements-7f2f80d31650daa865eb2bf6b5663280\">Az ember esze meg\u00e1ll. Ez a term\u00e9szet rendje. Term\u00e9szetellenesnek nevezni azt, ami m\u00e1r milli\u00f3 \u00e9vek \u00f3ta a<br>term\u00e9szet r\u00e9sze, az enyh\u00e9n sz\u00f3lva is elmebaj.<\/p>\n\n\n\n<p class=\"has-black-color has-text-color has-link-color has-medium-font-size wp-elements-4a51c581c09c599c299858da66957b9e\">A legsz\u00e9ls\u0151s\u00e9gesebbek od\u00e1ig elmer\u00e9szkednek, hogy azzal \u00e9rvelnek, ne v\u00e1llaljunk gyerekeket sem, mert \u0151k is<br>met\u00e1nt eregetnek. Sz\u00f3val a h\u00fclyes\u00e9gnek nincs hat\u00e1ra.<\/p>\n\n\n\n<p class=\"has-black-color has-text-color has-link-color has-medium-font-size wp-elements-de53d84c0067fa73efe669e448a2ce8d\">Mit is mondott Einstein? \u201eA vil\u00e1gon k\u00e9t dolog v\u00e9gtelen: a vil\u00e1gegyetem \u00e9s az emberi h\u00fclyes\u00e9g. B\u00e1r az<br>els\u0151ben nem vagyok biztos.\u201d Milyen igaza volt!!!<\/p>\n\n\n\n<p class=\"has-black-color has-text-color has-link-color has-medium-font-size wp-elements-81382cfde51bd9c4671703b0a321b669\">Teh\u00e1t a logikus az lenne, ha szok\u00e1sos fogyaszt\u00e1sainkat korl\u00e1tozn\u00e1nk minden term\u00e9k eset\u00e9ben a sz\u00fcks\u00e9gesre.<br>V\u00e1s\u00e1roljunk tart\u00f3s, j\u00f3 min\u0151s\u00e9g\u0171, <strong>hagyom\u00e1nyos<\/strong> term\u00e9keket!<\/p>\n\n\n\n<p class=\"has-black-color has-text-color has-link-color has-medium-font-size wp-elements-c3b7dec6adc15da11382ae68f676089a\"><strong>A fedezetlen p\u00e9nz \u00e9s a k\u00f6rnyezetv\u00e9delem-f\u00e9le k\u00f6d\u00f6s\u00edt\u00e9s<\/strong><\/p>\n\n\n\n<p class=\"has-black-color has-text-color has-link-color has-medium-font-size wp-elements-21e17c1e0019d814f1dd5d284a46fc23\">Mindezt a t\u00falfogyaszt\u00e1st csak \u00fagy lehet biztostani, ha az ide\u00e1lisn\u00e1l j\u00f3val nagyobb mennyis\u00e9g\u0171 p\u00e9nz van<br>forgalomban. Elvileg annyi p\u00e9nz lehetne forgalomban, ami biztos\u00edtja az \u00e1rucser\u00e9k g\u00f6rd\u00fcl\u00e9keny<br>megval\u00f3s\u00edt\u00e1s\u00e1t. K\u00f6lcs\u00f6nk\u00e9nt pedig a t\u00f6bbiek megtakar\u00edt\u00e1s\u00e1t lehetne felhaszn\u00e1lni, illetve bizonyos esetekben<br>az \u00e1llam nyomtathatna \u00e1tmenetelig fedezet n\u00e9lk\u00fcli p\u00e9nzt beruh\u00e1z\u00e1sokra, egy\u00e9b t\u00e1rsadalmi probl\u00e9m\u00e1k<br>megold\u00e1s\u00e1ra. Ezt a fedezet n\u00e9lk\u00fcli p\u00e9nzt k\u00e9s\u0151bb kivonn\u00e1 a rendszerb\u0151l.<\/p>\n\n\n\n<p class=\"has-black-color has-text-color has-link-color has-medium-font-size wp-elements-1466a36d3ee19064f4916302ff0e22f4\">De a val\u00f3s\u00e1gban a forgalomban \u00f3ri\u00e1si mennyis\u00e9g\u0171 ellen\u0151rizetlen, fedezetlen p\u00e9nz van. Ez biztos\u00edtja, hogy az<br>emberek az \u00e9vekkel k\u00e9s\u0151bbi fogyaszt\u00e1saikat m\u00e1r most megval\u00f3s\u00edts\u00e1k, biztos\u00edtva a kamatokat \u00e9s az<br>extraprofitot a t\u00e1rsadalmon \u00e9rdemtelen\u00fcl \u00e9l\u0151sk\u00f6d\u0151knek. Mindezt a dolgoz\u00f3 t\u00f6megekkel \u00e9s a tisztess\u00e9ges<br>v\u00e1llalkoz\u00f3kkal fizettetik meg. A mag\u00e1np\u00e9nz int\u00e9zm\u00e9nye biztos\u00edtja a legnagyobb tisztess\u00e9gtelen hasznot.<br>P\u00e9nzt csak orsz\u00e1goknak volna szabad kibocs\u00e1tani, szigor\u00faan ellen\u0151rz\u00f6tt felt\u00e9telek k\u00f6z\u00f6tt.<\/p>\n\n\n\n<p class=\"has-black-color has-text-color has-link-color has-medium-font-size wp-elements-f79a87661103c0c035c9314954e56e24\">A mostani hatalmat gyakorl\u00f3 \u00e1lliber\u00e1lis vil\u00e1ger\u0151k k\u00f6d\u00f6s\u00edtve azt pr\u00f3b\u00e1lj\u00e1k vel\u00fcnk elhitetni, hogy \u0151k a<br>legnagyobb k\u00f6rnyezetv\u00e9d\u0151k. Ez sima hazugs\u00e1g. Ha val\u00f3ban a k\u00f6rnyezetv\u00e9delemre koncentr\u00e1ln\u00e1nak, akkor<br>szak\u00e9rt\u0151kkel al\u00e1t\u00e1masztott hossz\u00fa t\u00e1v\u00fa programokat k\u00e9sz\u00edten\u00e9nek v\u00e1llalhat\u00f3 c\u00e9lokkal \u00e9s hat\u00e1rid\u0151kkel.<br>M\u00e9gpedig olyan terveket k\u00e9sz\u00edten\u00e9nek, amelyeket a F\u00f6ld orsz\u00e1gainak t\u00f6bbs\u00e9ge fel tudna v\u00e1llalni, \u00e9s fel is<br>akarna v\u00e1llalni. Ha csak a vil\u00e1g egy r\u00e9sze v\u00e1llal fel ilyen eleve megk\u00e9rd\u0151jelezhet\u0151 c\u00e9lokat, annak mi \u00e9rtelme<br>van?<\/p>\n\n\n\n<p class=\"has-black-color has-text-color has-link-color has-medium-font-size wp-elements-fd2d9f5ae9813736435feecaa04c2e58\">Mi \u00e9rtelme van annak, hogy Eur\u00f3pa 2035 ut\u00e1n csak elektromos szem\u00e9lyaut\u00f3kat gy\u00e1rtana, akkor ha \u00c1zsi\u00e1ban<br>\u2013 ahol az emberek t\u00f6bbs\u00e9ge \u00e9l \u2013 tov\u00e1bbra is olaj alap\u00fa \u00fczemanyagot haszn\u00e1lnak. Mindezt \u00fagy, hogy<br>hozz\u00e1\u00e9rt\u0151 emberek szerint az elektromos aut\u00f3k \u00f6kol\u00f3giai l\u00e1bnyoma a teljes \u00e9let\u00fatjuk alatt megegyezik a<br>benzines\/g\u00e1zolajos j\u00e1rm\u0171vek teljes \u00e9let\u00fatja alatti \u00f6kol\u00f3giai l\u00e1bnyommal. Mir\u0151l besz\u00e9l\u00fcnk? Az elektromos<br>kamionok pedig bizony\u00e1ra nem tudj\u00e1k majd kiszor\u00edtani a hagyom\u00e1nyos kamionokat, mivel olyan dr\u00e1g\u00e1k<br>lenn\u00e9nek, hogy a t\u00f6bbs\u00e9g nem tudja megfizetni.<\/p>\n\n\n\n<p class=\"has-black-color has-text-color has-link-color has-medium-font-size wp-elements-57e84184e3867db61c0f777cf2f7fd71\">Egy sz\u00e9lker\u00e9k \u00e1ll\u00edt\u00f3lag h\u00e9t \u00e9v alatt termeli meg az el\u0151\u00e1ll\u00edt\u00e1s\u00e1nak a k\u00f6lts\u00e9geit, m\u00e1r akkor, ha forgatja a sz\u00e9l<br>az id\u0151 nagyobb r\u00e9sz\u00e9ben. A napelemeket nappal \u00e9rdemes haszn\u00e1lni, de \u00e9jszaka p\u00f3tolni kell azt a<br>mennyis\u00e9get, amit nappal termelnek, mivel az ig\u00e9ny a villamos energi\u00e1ra folyamatos. Teh\u00e1t sz\u00fcks\u00e9gesek<br>g\u00e1zer\u0151m\u0171vek, vagy atomer\u0151m\u0171vek.<\/p>\n\n\n\n<p class=\"has-black-color has-text-color has-link-color has-medium-font-size wp-elements-b26c8445fb1e262b5de1cbf635eac25f\">A m\u0171anyag palackokat begy\u0171jtik, ami dics\u00e9retes, de senki nem besz\u00e9l az ipari nagy mennyis\u00e9g\u0171<br>csomagol\u00f3anyagokr\u00f3l. Azokkal mi lesz? Mekkora mennyis\u00e9get k\u00e9pviselnek ezek az ipari<br>csomagol\u00f3anyagok? A k\u00e9rd\u00e9seket folytathatn\u00e1nk m\u00e9g tov\u00e1bb. L\u00e1that\u00f3, hogy az eg\u00e9sz z\u00f6ld\u00edt\u00e9s program<br>\u00e1tgondolatlan, kiz\u00e1r\u00f3lag valakik r\u00f6vidt\u00e1v\u00fa profitj\u00e1t szolg\u00e1lja.<\/p>\n\n\n\n<p class=\"has-black-color has-text-color has-link-color has-medium-font-size wp-elements-ab543660cca15188036115b2d2598825\">T\u00f6rekedni kellene egy v\u00e1llalhat\u00f3, az ember re\u00e1lis ig\u00e9nyeit figyelembe vev\u0151 \u00e9rtelmes hossz\u00fat\u00e1v\u00fa<br>k\u00f6rnyezetv\u00e9d\u0151 programra, amit nem r\u00f6vidt\u00e1v\u00fa profitmaximaliz\u00e1l\u00e1sra t\u00f6rekv\u0151 emberek \u00e1ltal lefizetett<br>\u00e1lszak\u00e9rt\u0151k \u00e1ll\u00edtanak \u00f6ssze, hanem val\u00f3ban hozz\u00e1\u00e9rt\u0151 emberek.<\/p>\n\n\n\n<p class=\"has-black-color has-text-color has-link-color has-medium-font-size wp-elements-cbbb6f78795ce2fc968e901c6778ad40\">Az embereket meg kellene tan\u00edtani arra, hogy felesleges ig\u00e9nyeik ne legyenek, csak olyan dolgokat<br>v\u00e1s\u00e1roljanak, amelyek a val\u00f3s \u00e9let\u00fcket, \u201eval\u00f3s j\u00f3l\u00e9t\u00fcket\u201d szolg\u00e1lj\u00e1k. Ugyanis nagyr\u00e9szt ezek a felesleges<br>ig\u00e9nyek gener\u00e1lj\u00e1k a k\u00f6rnyezetv\u00e9delmi probl\u00e9m\u00e1k egy komoly h\u00e1nyad\u00e1t.<\/p>\n\n\n\n<p class=\"has-black-color has-text-color has-link-color has-medium-font-size wp-elements-0147291b980052d38b609de759497e9a\">Ne d\u0151lj\u00fcnk be a hamis propagand\u00e1nak! Haszn\u00e1ljuk a j\u00f3zan esz\u00fcnket! Legyen benn\u00fcnk h\u00e9tk\u00f6znapi al\u00e1zat a<br>term\u00e9szet \u00e9s embert\u00e1rsaink ir\u00e1nt, \u00e9s gondolkodjunk hossz\u00fa t\u00e1von!<\/p>\n\n\n\n<p><img loading=\"lazy\" decoding=\"async\" width=\"600\" height=\"521\" class=\"wp-image-2042\" style=\"width: 600px;\" src=\"https:\/\/www.uudistekeskus.ee\/wp-content\/uploads\/2025\/02\/I-am-woke-now.jpg\" alt=\"\" srcset=\"https:\/\/www.uudistekeskus.ee\/wp-content\/uploads\/2025\/02\/I-am-woke-now.jpg 1080w, https:\/\/www.uudistekeskus.ee\/wp-content\/uploads\/2025\/02\/I-am-woke-now-300x261.jpg 300w, https:\/\/www.uudistekeskus.ee\/wp-content\/uploads\/2025\/02\/I-am-woke-now-1024x889.jpg 1024w, https:\/\/www.uudistekeskus.ee\/wp-content\/uploads\/2025\/02\/I-am-woke-now-768x667.jpg 768w\" sizes=\"auto, (max-width: 600px) 100vw, 600px\" \/><\/p>\n\n\n\n<p class=\"has-medium-font-size\"><strong>Orosz Lajos<\/strong><\/p>\n","protected":false},"excerpt":{"rendered":"<p>A Vil\u00e1g, amelyben \u00e9l\u00fcnk, hat\u00e1rozott t\u00f6rv\u00e9nyek alapj\u00e1n m\u0171k\u00f6dik, melyeknek alapjait, mi emberek nemtudjuk m\u00f3dos\u00edtani. Igaz ez akkor is, ha valaki a Teremt\u00e9sben hisz, \u00e9s igaz akkor is, ha materialistak\u00e9nt aVil\u00e1g&hellip;<\/p>\n","protected":false},"author":4,"featured_media":2044,"comment_status":"open","ping_status":"open","sticky":false,"template":"","format":"standard","meta":{"_eb_attr":"","footnotes":""},"categories":[16,114],"tags":[],"class_list":["post-2033","post","type-post","status-publish","format-standard","has-post-thumbnail","hentry","category-arvamus","category-magyar"],"_links":{"self":[{"href":"https:\/\/www.uudistekeskus.ee\/index.php?rest_route=\/wp\/v2\/posts\/2033","targetHints":{"allow":["GET"]}}],"collection":[{"href":"https:\/\/www.uudistekeskus.ee\/index.php?rest_route=\/wp\/v2\/posts"}],"about":[{"href":"https:\/\/www.uudistekeskus.ee\/index.php?rest_route=\/wp\/v2\/types\/post"}],"author":[{"embeddable":true,"href":"https:\/\/www.uudistekeskus.ee\/index.php?rest_route=\/wp\/v2\/users\/4"}],"replies":[{"embeddable":true,"href":"https:\/\/www.uudistekeskus.ee\/index.php?rest_route=%2Fwp%2Fv2%2Fcomments&post=2033"}],"version-history":[{"count":13,"href":"https:\/\/www.uudistekeskus.ee\/index.php?rest_route=\/wp\/v2\/posts\/2033\/revisions"}],"predecessor-version":[{"id":2049,"href":"https:\/\/www.uudistekeskus.ee\/index.php?rest_route=\/wp\/v2\/posts\/2033\/revisions\/2049"}],"wp:featuredmedia":[{"embeddable":true,"href":"https:\/\/www.uudistekeskus.ee\/index.php?rest_route=\/wp\/v2\/media\/2044"}],"wp:attachment":[{"href":"https:\/\/www.uudistekeskus.ee\/index.php?rest_route=%2Fwp%2Fv2%2Fmedia&parent=2033"}],"wp:term":[{"taxonomy":"category","embeddable":true,"href":"https:\/\/www.uudistekeskus.ee\/index.php?rest_route=%2Fwp%2Fv2%2Fcategories&post=2033"},{"taxonomy":"post_tag","embeddable":true,"href":"https:\/\/www.uudistekeskus.ee\/index.php?rest_route=%2Fwp%2Fv2%2Ftags&post=2033"}],"curies":[{"name":"wp","href":"https:\/\/api.w.org\/{rel}","templated":true}]}}