{"id":1416,"date":"2024-10-31T11:56:01","date_gmt":"2024-10-31T09:56:01","guid":{"rendered":"https:\/\/www.uudistekeskus.ee\/?p=1416"},"modified":"2024-11-16T19:11:05","modified_gmt":"2024-11-16T17:11:05","slug":"a-magyar-kormany-teszi-a-dolgat-csak-igy-tovabb","status":"publish","type":"post","link":"https:\/\/www.uudistekeskus.ee\/?p=1416","title":{"rendered":"A magyar korm\u00e1ny teszi a dolg\u00e1t. Csak \u00edgy tov\u00e1bb!"},"content":{"rendered":"\n<p class=\"has-medium-font-size\">K\u00f6ztudott, hogy elengedhetetlen a f\u00e9rfias viselked\u00e9shez a h\u00e1bor\u00edtatlans\u00e1g, ha \u00e9ppen valamilyen nemes \u00fcggyel foglalkozik az ember. Ilyenkor teljesen figyelmen k\u00edv\u00fcl hagyja a hozz\u00e1 nem \u00e9rt\u0151k sz\u00e1j\u00e1b\u00f3l hallatsz\u00f3 rosszall\u00e1sokat, valamint r\u00e1galmakat. Az ember teszi a dolg\u00e1t, mivel tudja, hogy nemes c\u00e9lja b\u0151s\u00e9gesen er\u0151t ad neki a c\u00e9l el\u00e9r\u00e9s\u00e9hez. Ahogy ezt illik egy c\u00e9ltudatos embernek.<\/p>\n\n\n\n<p class=\"has-medium-font-size\">Ugyanez vonatkozik a modern Magyarorsz\u00e1g vezet\u00e9s\u00e9re is. A fideszes korm\u00e1ny 2010 \u00f3ta k\u00f6vetkezetesen f\u00e1radozott, f\u00e1radozik az \u00f6sszmagyars\u00e1g j\u00f3l\u00e9t\u00e9nek biztos\u00edt\u00e1s\u00e1n. Sz\u00e1mos sikert \u00e9rt el eddig, \u00e9s \u2013 az ugyancsak sz\u00e1mos akad\u00e1ly ellen\u00e9re \u2013 h\u00e1bor\u00edtatlanul halad tov\u00e1bb ezen az \u00faton.<\/p>\n\n\n\n<p class=\"has-medium-font-size\">Ezen akad\u00e1lyok k\u00f6z\u00e9 tartozik \u2013 l\u00e1tsz\u00f3lag \u2013 a k\u00fclf\u00f6ldr\u0151l \u00e9rkez\u0151 b\u00edr\u00e1lat (olvasd: becsm\u00e9rl\u00e9s) is. Az\u00e9rt l\u00e1tsz\u00f3lag, mert maguk a b\u00edr\u00e1l\u00f3k (olvasd: becsm\u00e9rl\u0151k) val\u00f3j\u00e1ban m\u00e9g a legkisebb m\u00e9rt\u00e9kben sem kony\u00edtanak a magyar t\u00e1rgyk\u00f6rh\u00f6z, m\u00e9g kev\u00e9sb\u00e9 a magyar jellem k\u00fcl\u00f6n\u00f6s mivolt\u00e1hoz, emiatt a magyarellenesnek tervezett kirohan\u00e1saik mindig egyszerre hat\u00e1stalannak \u00e9s r\u00f6hejesnek sikerednek. F\u00fcggetlen\u00fcl att\u00f3l, hogy \u00e9ppen milyen \u201enagy kutya\u201d az ilyen b\u00edr\u00e1l\u00f3, a magyar \u00fcgyh\u00f6z val\u00f3 hozz\u00e1 nem \u00e9rt\u00e9se miatt, sz\u00f3 szerint null\u00e1val egyenl\u0151 az idev\u00e1g\u00f3 b\u00edr\u00e1lat\u00e1nak az \u00e9rt\u00e9ke.<\/p>\n\n\n\n<p class=\"has-medium-font-size\">Az ut\u00f3bbi t\u00e9nyez\u0151 miatt, gond n\u00e9lk\u00fcl meg\u0151rizheti lelki nyugalm\u00e1t a magyars\u00e1g mindegyik nemzeti \u00e9rzelm\u0171 tagja, t\u00f6bbek k\u00f6z\u00f6tt, az \u00f6sszes mostani korm\u00e1nytag is. Hiszen igen \u00e9letidegen lenne t\u0151l\u00fck, ha felh\u00e1borodn\u00e1nak valakire, akinek komolyanvehet\u0151s\u00e9gi \u00e9rt\u00e9ke abszol\u00fat nulla.<\/p>\n\n\n\n<p class=\"has-medium-font-size\">A null\u00e1t ak\u00e1rmilyen nagy sz\u00e1mmal lehet szorozni, att\u00f3l m\u00e9g nulla marad a v\u00e9geredm\u00e9ny.<\/p>\n\n\n\n<p class=\"has-medium-font-size\">Majd az id\u0151 megold mindent. Egyszer elker\u00fclhetetlen\u00fcl j\u00f6n el az a pillanat, amikor m\u00e9g a leghevesebb magyarellenes r\u00e1galomhadj\u00e1ratokat kezdem\u00e9nyez\u0151 \u00e9s v\u00e9grehajt\u00f3 v\u00e9gl\u00e9nyek is k\u00e9nytelenek lesznek visszah\u0151k\u00f6lni, azt k\u00f6vet\u0151en pedig elcsitulni. R\u00e1tekintve a vil\u00e1g geopolitikai t\u00e9rk\u00e9p\u00e9n egy id\u0151 \u00f3ta zajl\u00f3 er\u0151vonal-\u00e1ttol\u00f3d\u00e1sokra, k\u00f6nnyen meg\u00e1llap\u00edthatjuk, hogy egyre k\u00f6zelebb m\u00e1r az a v\u00e1rva-v\u00e1rt pillanat. Az egyetlen k\u00f6teless\u00e9g\u00fcnk az, hogy tartsuk ki. Ennyi.<\/p>\n\n\n\n<p class=\"has-medium-font-size\">Kitart\u00e1s!<\/p>\n","protected":false},"excerpt":{"rendered":"<p>K\u00f6ztudott, hogy elengedhetetlen a f\u00e9rfias viselked\u00e9shez a h\u00e1bor\u00edtatlans\u00e1g, ha \u00e9ppen valamilyen nemes \u00fcggyel foglalkozik az ember. Ilyenkor teljesen figyelmen k\u00edv\u00fcl hagyja a hozz\u00e1 nem \u00e9rt\u0151k sz\u00e1j\u00e1b\u00f3l hallatsz\u00f3 rosszall\u00e1sokat, valamint r\u00e1galmakat.&hellip;<\/p>\n","protected":false},"author":4,"featured_media":1420,"comment_status":"open","ping_status":"open","sticky":false,"template":"","format":"standard","meta":{"_eb_attr":"","footnotes":""},"categories":[114],"tags":[115],"class_list":["post-1416","post","type-post","status-publish","format-standard","has-post-thumbnail","hentry","category-magyar","tag-magyar"],"_links":{"self":[{"href":"https:\/\/www.uudistekeskus.ee\/index.php?rest_route=\/wp\/v2\/posts\/1416","targetHints":{"allow":["GET"]}}],"collection":[{"href":"https:\/\/www.uudistekeskus.ee\/index.php?rest_route=\/wp\/v2\/posts"}],"about":[{"href":"https:\/\/www.uudistekeskus.ee\/index.php?rest_route=\/wp\/v2\/types\/post"}],"author":[{"embeddable":true,"href":"https:\/\/www.uudistekeskus.ee\/index.php?rest_route=\/wp\/v2\/users\/4"}],"replies":[{"embeddable":true,"href":"https:\/\/www.uudistekeskus.ee\/index.php?rest_route=%2Fwp%2Fv2%2Fcomments&post=1416"}],"version-history":[{"count":1,"href":"https:\/\/www.uudistekeskus.ee\/index.php?rest_route=\/wp\/v2\/posts\/1416\/revisions"}],"predecessor-version":[{"id":1417,"href":"https:\/\/www.uudistekeskus.ee\/index.php?rest_route=\/wp\/v2\/posts\/1416\/revisions\/1417"}],"wp:featuredmedia":[{"embeddable":true,"href":"https:\/\/www.uudistekeskus.ee\/index.php?rest_route=\/wp\/v2\/media\/1420"}],"wp:attachment":[{"href":"https:\/\/www.uudistekeskus.ee\/index.php?rest_route=%2Fwp%2Fv2%2Fmedia&parent=1416"}],"wp:term":[{"taxonomy":"category","embeddable":true,"href":"https:\/\/www.uudistekeskus.ee\/index.php?rest_route=%2Fwp%2Fv2%2Fcategories&post=1416"},{"taxonomy":"post_tag","embeddable":true,"href":"https:\/\/www.uudistekeskus.ee\/index.php?rest_route=%2Fwp%2Fv2%2Ftags&post=1416"}],"curies":[{"name":"wp","href":"https:\/\/api.w.org\/{rel}","templated":true}]}}